{"@context":"https:\/\/schema.org\/","@type":"BlogPosting","@id":"https:\/\/lafast.org\/y-el-espiritu-de-la-navidad-entro-en-fast\/#BlogPosting","mainEntityOfPage":"https:\/\/lafast.org\/y-el-espiritu-de-la-navidad-entro-en-fast\/","headline":"y el esp\u00edritu de la Navidad entr\u00f3 en Fast.","name":"y el esp\u00edritu de la Navidad entr\u00f3 en Fast.","description":"El pasado d\u00eda 15 de diciembre de 2023 recibimos con alegr\u00eda a un grupo encantador de ni\u00f1os y ni\u00f1as de preescolar del colegio Juan Cruz...","datePublished":"2023-12-18","dateModified":"2023-12-18","author":{"@type":"Person","@id":"https:\/\/lafast.org\/author\/conta\/#Person","name":"MK","url":"https:\/\/lafast.org\/author\/conta\/","identifier":4,"image":{"@type":"ImageObject","@id":"https:\/\/secure.gravatar.com\/avatar\/8677e37530c6c7e5b6312e96378570f8?s=96&d=mm&r=g","url":"https:\/\/secure.gravatar.com\/avatar\/8677e37530c6c7e5b6312e96378570f8?s=96&d=mm&r=g","height":96,"width":96}},"image":{"@type":"ImageObject","@id":"https:\/\/lafast.org\/wp-content\/uploads\/2023\/12\/navidad-2023.jpg","url":"https:\/\/lafast.org\/wp-content\/uploads\/2023\/12\/navidad-2023.jpg","height":1500,"width":1500},"url":"https:\/\/lafast.org\/y-el-espiritu-de-la-navidad-entro-en-fast\/","about":["BLOG","Publicaciones"],"wordCount":419,"keywords":["#SomosDeLaFast #Pl\u00e1tanodeCanarias #IslasCanarias","responsabilidad social corporativa"]}