{"@context":"https:\/\/schema.org\/","@type":"BlogPosting","@id":"https:\/\/lafast.org\/sostenibilidad-en-el-suministro-de-platanos\/#BlogPosting","mainEntityOfPage":"https:\/\/lafast.org\/sostenibilidad-en-el-suministro-de-platanos\/","headline":"Sostenibilidad en el suministro de pl\u00e1tanos","name":"Sostenibilidad en el suministro de pl\u00e1tanos","description":"La Fast est\u00e1 por integrar la sostenibilidad en todo lo que hacemos. Preocupados por el presente y, tambi\u00e9n, por las generaciones futuras, tratamos de reducir...","datePublished":"2022-07-07","dateModified":"2022-07-25","author":{"@type":"Person","@id":"https:\/\/lafast.org\/author\/conta\/#Person","name":"MK","url":"https:\/\/lafast.org\/author\/conta\/","identifier":4,"image":{"@type":"ImageObject","@id":"https:\/\/secure.gravatar.com\/avatar\/8677e37530c6c7e5b6312e96378570f8?s=96&d=mm&r=g","url":"https:\/\/secure.gravatar.com\/avatar\/8677e37530c6c7e5b6312e96378570f8?s=96&d=mm&r=g","height":96,"width":96}},"image":{"@type":"ImageObject","@id":"https:\/\/lafast.org\/wp-content\/uploads\/2022\/07\/SOSTENIBILIDAD-FAST-comprimida.jpg","url":"https:\/\/lafast.org\/wp-content\/uploads\/2022\/07\/SOSTENIBILIDAD-FAST-comprimida.jpg","height":1200,"width":1600},"url":"https:\/\/lafast.org\/sostenibilidad-en-el-suministro-de-platanos\/","about":["BLOG","Noticias","Responsabilidad"],"wordCount":198,"keywords":["Platano","Pl\u00e1tano de Canarias","resposabilidad social corporativa","sostenibilidad"]}