{"@context":"https:\/\/schema.org\/","@type":"BlogPosting","@id":"https:\/\/lafast.org\/sistema-integral-agroecologico-para-el-control-de-la-polilla\/#BlogPosting","mainEntityOfPage":"https:\/\/lafast.org\/sistema-integral-agroecologico-para-el-control-de-la-polilla\/","headline":"Sistema Integral Agroecol\u00f3gico para el Control de la Polilla","name":"Sistema Integral Agroecol\u00f3gico para el Control de la Polilla","description":"Sistema Integral Agroecol\u00f3gico para el Control de la Polilla Guatemalteca de la Papa: Innovaci\u00f3n en Canarias La Asociaci\u00f3n de Agricultores y Ganaderos de Canarias (Asaga...","datePublished":"2024-06-21","dateModified":"2024-06-21","author":{"@type":"Person","@id":"https:\/\/lafast.org\/author\/conta\/#Person","name":"MK","url":"https:\/\/lafast.org\/author\/conta\/","identifier":4,"image":{"@type":"ImageObject","@id":"https:\/\/secure.gravatar.com\/avatar\/8677e37530c6c7e5b6312e96378570f8?s=96&d=mm&r=g","url":"https:\/\/secure.gravatar.com\/avatar\/8677e37530c6c7e5b6312e96378570f8?s=96&d=mm&r=g","height":96,"width":96}},"image":{"@type":"ImageObject","@id":"https:\/\/lafast.org\/wp-content\/uploads\/2024\/06\/many-potatoes-together-scaled.jpg","url":"https:\/\/lafast.org\/wp-content\/uploads\/2024\/06\/many-potatoes-together-scaled.jpg","height":1708,"width":2560},"url":"https:\/\/lafast.org\/sistema-integral-agroecologico-para-el-control-de-la-polilla\/","about":["Noticias","Publicaciones"],"wordCount":521,"keywords":["Agricultura Canaria","SAT FAST","sostenibilidad"]}