{"@context":"https:\/\/schema.org\/","@type":"BlogPosting","@id":"https:\/\/lafast.org\/presentacion-libro-platano-rojo\/#BlogPosting","mainEntityOfPage":"https:\/\/lafast.org\/presentacion-libro-platano-rojo\/","headline":"Presentaci\u00f3n libro platano rojo.","name":"Presentaci\u00f3n libro platano rojo.","description":"El pasado jueves 23 de marzo de 2023, se llev\u00f3 a cabo la presentaci\u00f3n del libro \u00abDescubre el pl\u00e1tano rojo. 10 recetas de autor para...","datePublished":"2023-03-24","dateModified":"2023-03-24","author":{"@type":"Person","@id":"https:\/\/lafast.org\/author\/conta\/#Person","name":"MK","url":"https:\/\/lafast.org\/author\/conta\/","identifier":4,"image":{"@type":"ImageObject","@id":"https:\/\/secure.gravatar.com\/avatar\/8677e37530c6c7e5b6312e96378570f8?s=96&d=mm&r=g","url":"https:\/\/secure.gravatar.com\/avatar\/8677e37530c6c7e5b6312e96378570f8?s=96&d=mm&r=g","height":96,"width":96}},"image":{"@type":"ImageObject","@id":"https:\/\/lafast.org\/wp-content\/uploads\/2023\/03\/presentacion-libro-fast.jpg","url":"https:\/\/lafast.org\/wp-content\/uploads\/2023\/03\/presentacion-libro-fast.jpg","height":1500,"width":1500},"url":"https:\/\/lafast.org\/presentacion-libro-platano-rojo\/","about":["BLOG","Noticias","platano","platano rojo","Publicaciones"],"wordCount":303,"keywords":["pl\u00e1tano rojo","SomosLAFAST","sostenibilidad"]}