{"@context":"https:\/\/schema.org\/","@type":"BlogPosting","@id":"https:\/\/lafast.org\/por-mi-por-ti-por-todas\/#BlogPosting","mainEntityOfPage":"https:\/\/lafast.org\/por-mi-por-ti-por-todas\/","headline":"POR MI, POR TI; POR TODAS","name":"POR MI, POR TI; POR TODAS","description":"Hoy 8 de marzo se celebra el D\u00eda Internacional de las Mujeres, un d\u00eda para visibilizar la lucha por la igualdad, la participaci\u00f3n y el...","datePublished":"2024-03-08","dateModified":"2024-03-08","author":{"@type":"Person","@id":"https:\/\/lafast.org\/author\/conta\/#Person","name":"MK","url":"https:\/\/lafast.org\/author\/conta\/","identifier":4,"image":{"@type":"ImageObject","@id":"https:\/\/secure.gravatar.com\/avatar\/8677e37530c6c7e5b6312e96378570f8?s=96&d=mm&r=g","url":"https:\/\/secure.gravatar.com\/avatar\/8677e37530c6c7e5b6312e96378570f8?s=96&d=mm&r=g","height":96,"width":96}},"image":{"@type":"ImageObject","@id":"https:\/\/lafast.org\/wp-content\/uploads\/2024\/03\/dia-de-la-mujer-8-m-2024.jpg","url":"https:\/\/lafast.org\/wp-content\/uploads\/2024\/03\/dia-de-la-mujer-8-m-2024.jpg","height":1500,"width":1500},"url":"https:\/\/lafast.org\/por-mi-por-ti-por-todas\/","about":["Publicaciones"],"wordCount":387,"keywords":["#LaFast #EntidadAgr\u00edcolaDecanadeCanarias #EsDeLaFast"]}