{"@context":"https:\/\/schema.org\/","@type":"Article","@id":"https:\/\/lafast.org\/politica-privacidad-de-candidatos\/#Article","mainEntityOfPage":"https:\/\/lafast.org\/politica-privacidad-de-candidatos\/","headline":"Pol\u00edtica de Privacidad de Candidatos","name":"Pol\u00edtica de Privacidad de Candidatos","description":"Mediante la siguiente pol\u00edtica de privacidad www.lafast.org, de conformidad con los requisitos previstos en el RGPD informa a los candidatos de: Informaci\u00f3n b\u00e1sica sobre protecci\u00f3n...","datePublished":"2018-10-25","dateModified":"2021-10-21","author":{"@type":"Person","@id":"https:\/\/lafast.org\/author\/pyt\/#Person","name":"pyt","url":"https:\/\/lafast.org\/author\/pyt\/","identifier":6,"image":{"@type":"ImageObject","@id":"https:\/\/secure.gravatar.com\/avatar\/22f27b2e9ded79cc79760c97130ee494?s=96&d=mm&r=g","url":"https:\/\/secure.gravatar.com\/avatar\/22f27b2e9ded79cc79760c97130ee494?s=96&d=mm&r=g","height":96,"width":96}},"url":"https:\/\/lafast.org\/politica-privacidad-de-candidatos\/"}