{"@context":"https:\/\/schema.org\/","@type":"BlogPosting","@id":"https:\/\/lafast.org\/nuestro-nuevo-camion\/#BlogPosting","mainEntityOfPage":"https:\/\/lafast.org\/nuestro-nuevo-camion\/","headline":"NUESTRO NUEVO CAMI\u00d3N","name":"NUESTRO NUEVO CAMI\u00d3N","description":"NUESTRO NUEVO CAMI\u00d3N EN FAST ARME\u00d1IME!!! As\u00ed de flamante luce nuestro nuevo cami\u00f3n que desde ayer se ve circular por las carreteras de la isla....","datePublished":"2024-03-01","dateModified":"2024-03-01","author":{"@type":"Person","@id":"https:\/\/lafast.org\/author\/conta\/#Person","name":"MK","url":"https:\/\/lafast.org\/author\/conta\/","identifier":4,"image":{"@type":"ImageObject","@id":"https:\/\/secure.gravatar.com\/avatar\/8677e37530c6c7e5b6312e96378570f8?s=96&d=mm&r=g","url":"https:\/\/secure.gravatar.com\/avatar\/8677e37530c6c7e5b6312e96378570f8?s=96&d=mm&r=g","height":96,"width":96}},"image":{"@type":"ImageObject","@id":"https:\/\/lafast.org\/wp-content\/uploads\/2024\/03\/camion-fast.jpg","url":"https:\/\/lafast.org\/wp-content\/uploads\/2024\/03\/camion-fast.jpg","height":1500,"width":1500},"url":"https:\/\/lafast.org\/nuestro-nuevo-camion\/","about":["BLOG","Publicaciones"],"wordCount":162,"keywords":["#SomosDeLaFast #Pl\u00e1tanodeCanarias #IslasCanarias"]}