{"@context":"https:\/\/schema.org\/","@type":"BlogPosting","@id":"https:\/\/lafast.org\/notas-sobre-el-cultivo-del-platano\/#BlogPosting","mainEntityOfPage":"https:\/\/lafast.org\/notas-sobre-el-cultivo-del-platano\/","headline":"Notas sobre el cultivo del pl\u00e1tano","name":"Notas sobre el cultivo del pl\u00e1tano","description":"La platanera es una hierba con biotipo arb\u00f3reo, pero no un verdadero \u00e1rbol (principalmente porque carece de tronco), de ella brota el pl\u00e1tano, es una...","datePublished":"2022-09-23","dateModified":"2022-09-23","author":{"@type":"Person","@id":"https:\/\/lafast.org\/author\/conta\/#Person","name":"MK","url":"https:\/\/lafast.org\/author\/conta\/","identifier":4,"image":{"@type":"ImageObject","@id":"https:\/\/secure.gravatar.com\/avatar\/8677e37530c6c7e5b6312e96378570f8?s=96&d=mm&r=g","url":"https:\/\/secure.gravatar.com\/avatar\/8677e37530c6c7e5b6312e96378570f8?s=96&d=mm&r=g","height":96,"width":96}},"image":{"@type":"ImageObject","@id":"https:\/\/lafast.org\/wp-content\/uploads\/2021\/04\/WhatsApp-Image-2021-04-13-at-12.30.28.jpeg","url":"https:\/\/lafast.org\/wp-content\/uploads\/2021\/04\/WhatsApp-Image-2021-04-13-at-12.30.28.jpeg","height":1200,"width":1600},"url":"https:\/\/lafast.org\/notas-sobre-el-cultivo-del-platano\/","about":["BLOG","platano","Publicaciones"],"wordCount":421,"keywords":["Platano","Pl\u00e1tano de Canarias","SAT FAST"]}