{"@context":"https:\/\/schema.org\/","@type":"BlogPosting","@id":"https:\/\/lafast.org\/mantenimiento-de-las-instalaciones-de-riego\/#BlogPosting","mainEntityOfPage":"https:\/\/lafast.org\/mantenimiento-de-las-instalaciones-de-riego\/","headline":"Mantenimiento de las instalaciones de riego","name":"Mantenimiento de las instalaciones de riego","description":"En el siguiente v\u00eddeo ofrecido por ASPROCAN (Asociaci\u00f3n de Productores de Pl\u00e1tano de Canarias) contamos con Rafael Bazo t\u00e9cnico y propietario de la empresa Agri-lev...","datePublished":"2023-01-02","dateModified":"2023-01-02","author":{"@type":"Person","@id":"https:\/\/lafast.org\/author\/conta\/#Person","name":"MK","url":"https:\/\/lafast.org\/author\/conta\/","identifier":4,"image":{"@type":"ImageObject","@id":"https:\/\/secure.gravatar.com\/avatar\/8677e37530c6c7e5b6312e96378570f8?s=96&d=mm&r=g","url":"https:\/\/secure.gravatar.com\/avatar\/8677e37530c6c7e5b6312e96378570f8?s=96&d=mm&r=g","height":96,"width":96}},"image":{"@type":"ImageObject","@id":"https:\/\/lafast.org\/wp-content\/uploads\/2023\/01\/Captura-de-pantalla_20230102_231617.png","url":"https:\/\/lafast.org\/wp-content\/uploads\/2023\/01\/Captura-de-pantalla_20230102_231617.png","height":806,"width":1560},"url":"https:\/\/lafast.org\/mantenimiento-de-las-instalaciones-de-riego\/","video":{"@context":"http:\/\/schema.org\/","@type":"VideoObject","@id":"https:\/\/www.youtube.com\/watch?v=3eCjz3NJVyM#VideoObject","contentUrl":"https:\/\/www.youtube.com\/watch?v=3eCjz3NJVyM","name":"Capitulo 6. Mantenimiento de las instalaciones de riego","description":"","thumbnailUrl":["https:\/\/i.ytimg.com\/vi\/3eCjz3NJVyM\/default.jpg","https:\/\/i.ytimg.com\/vi\/3eCjz3NJVyM\/mqdefault.jpg","https:\/\/i.ytimg.com\/vi\/3eCjz3NJVyM\/hqdefault.jpg","https:\/\/i.ytimg.com\/vi\/3eCjz3NJVyM\/sddefault.jpg","https:\/\/i.ytimg.com\/vi\/3eCjz3NJVyM\/maxresdefault.jpg"],"uploadDate":"2022-12-29T13:19:40+00:00","duration":"PT8M35S","embedUrl":"https:\/\/www.youtube.com\/embed\/3eCjz3NJVyM","publisher":{"@type":"Organization","@id":"https:\/\/www.youtube.com\/channel\/UCtUwDhRRkFZfPFpwYuLkjnw#Organization","url":"https:\/\/www.youtube.com\/channel\/UCtUwDhRRkFZfPFpwYuLkjnw","name":"ASPROCAN Asociaci\u00f3n de Productores de Pl\u00e1tano de Canarias","description":"La Asociaci\u00f3n de Organizaciones de Productores de Pl\u00e1tanos de Canarias (ASPROCAN) es un ente colegiado de naturaleza privada para coordinar y armonizar las actuaciones de sus miembros con el fin de optimizar el resultado de sus actuaciones para el bien general del sector del Pl\u00e1tano de Canarias.","logo":{"url":"https:\/\/yt3.ggpht.com\/ytc\/AIdro_ngSyGuqE_GhU3X-qbi8kONs3dhniQq9Vre7AxMOHKL4w=s800-c-k-c0x00ffffff-no-rj","width":800,"height":800,"@type":"ImageObject","@id":"https:\/\/www.youtube.com\/watch?v=3eCjz3NJVyM#VideoObject_publisher_logo_ImageObject"}},"potentialAction":{"@type":"SeekToAction","@id":"https:\/\/www.youtube.com\/watch?v=3eCjz3NJVyM#VideoObject_potentialAction","target":"https:\/\/www.youtube.com\/watch?v=3eCjz3NJVyM&t={seek_to_second_number}","startOffset-input":"required name=seek_to_second_number"},"interactionStatistic":[[{"@type":"InteractionCounter","@id":"https:\/\/www.youtube.com\/watch?v=3eCjz3NJVyM#VideoObject_interactionStatistic_WatchAction","interactionType":{"@type":"WatchAction"},"userInteractionCount":380}],{"@type":"InteractionCounter","@id":"https:\/\/www.youtube.com\/watch?v=3eCjz3NJVyM#VideoObject_interactionStatistic_LikeAction","interactionType":{"@type":"LikeAction"},"userInteractionCount":4}]},"about":["BLOG","Publicaciones"],"wordCount":241,"keywords":["Agricultura Canaria","producci\u00f3n agricultura","SomosLAFAST","sostenibilidad"]}