{"@context":"https:\/\/schema.org\/","@type":"BlogPosting","@id":"https:\/\/lafast.org\/los-origenes-de-la-fast\/#BlogPosting","mainEntityOfPage":"https:\/\/lafast.org\/los-origenes-de-la-fast\/","headline":"Los Or\u00edgenes de la FAST","name":"Los Or\u00edgenes de la FAST","description":"En el marco de una rica historia que este 1 de diciembre alcanzar\u00e1 los 110 a\u00f1os, la Sociedad Agraria de Transformaci\u00f3n FAST celebra sus ra\u00edces...","datePublished":"2024-11-30","dateModified":"2024-11-30","author":{"@type":"Person","@id":"https:\/\/lafast.org\/author\/conta\/#Person","name":"MK","url":"https:\/\/lafast.org\/author\/conta\/","identifier":4,"image":{"@type":"ImageObject","@id":"https:\/\/secure.gravatar.com\/avatar\/8677e37530c6c7e5b6312e96378570f8?s=96&d=mm&r=g","url":"https:\/\/secure.gravatar.com\/avatar\/8677e37530c6c7e5b6312e96378570f8?s=96&d=mm&r=g","height":96,"width":96}},"image":{"@type":"ImageObject","@id":"https:\/\/lafast.org\/wp-content\/uploads\/2024\/11\/constitucion-fast.jpg","url":"https:\/\/lafast.org\/wp-content\/uploads\/2024\/11\/constitucion-fast.jpg","height":1500,"width":1500},"url":"https:\/\/lafast.org\/los-origenes-de-la-fast\/","about":["BLOG","Publicaciones"],"wordCount":450,"keywords":["#LaFast #EntidadAgr\u00edcolaDecanadeCanarias #EsDeLaFast"]}