{"@context":"https:\/\/schema.org\/","@type":"BlogPosting","@id":"https:\/\/lafast.org\/la-gestion-integrada-de-plagas-gip-y-la-sanidad-vegetal-platanera\/#BlogPosting","mainEntityOfPage":"https:\/\/lafast.org\/la-gestion-integrada-de-plagas-gip-y-la-sanidad-vegetal-platanera\/","headline":"La Gesti\u00f3n Integrada de Plagas (GIP) y la Sanidad Vegetal Platanera","name":"La Gesti\u00f3n Integrada de Plagas (GIP) y la Sanidad Vegetal Platanera","description":"La Gesti\u00f3n Integrada de Plagas (GIP) y la Sanidad Vegetal Platanera &nbsp; La Gesti\u00f3n Integrada de Plagas (GIP) es un enfoque para manejar plagas de...","datePublished":"2023-01-13","dateModified":"2023-01-13","author":{"@type":"Person","@id":"https:\/\/lafast.org\/author\/conta\/#Person","name":"MK","url":"https:\/\/lafast.org\/author\/conta\/","identifier":4,"image":{"@type":"ImageObject","@id":"https:\/\/secure.gravatar.com\/avatar\/8677e37530c6c7e5b6312e96378570f8?s=96&d=mm&r=g","url":"https:\/\/secure.gravatar.com\/avatar\/8677e37530c6c7e5b6312e96378570f8?s=96&d=mm&r=g","height":96,"width":96}},"image":{"@type":"ImageObject","@id":"https:\/\/lafast.org\/wp-content\/uploads\/2022\/10\/platano-rojo-a.jpeg","url":"https:\/\/lafast.org\/wp-content\/uploads\/2022\/10\/platano-rojo-a.jpeg","height":899,"width":1599},"url":"https:\/\/lafast.org\/la-gestion-integrada-de-plagas-gip-y-la-sanidad-vegetal-platanera\/","about":["BLOG","Noticias","platano","platano rojo","Publicaciones"],"wordCount":1167,"keywords":["guia GIP platanera","normativa","Pl\u00e1tano de Canarias","SomosLAFAST","sostenibilidad"]}