{"@context":"https:\/\/schema.org\/","@type":"BlogPosting","@id":"https:\/\/lafast.org\/la-gestion-integrada-de-plagas-gip-y-la-sanidad-vegetal-mango\/#BlogPosting","mainEntityOfPage":"https:\/\/lafast.org\/la-gestion-integrada-de-plagas-gip-y-la-sanidad-vegetal-mango\/","headline":"La Gesti\u00f3n Integrada de Plagas (GIP) y la Sanidad Vegetal-Mango","name":"La Gesti\u00f3n Integrada de Plagas (GIP) y la Sanidad Vegetal-Mango","description":"&nbsp; La Gesti\u00f3n Integrada de Plagas (GIP) La GIP\u00a0 destaca la importancia de la gesti\u00f3n integrada de plagas en la producci\u00f3n agr\u00edcola y\u00a0 enfatiza en\u00a0...","datePublished":"2023-02-24","dateModified":"2023-02-24","author":{"@type":"Person","@id":"https:\/\/lafast.org\/author\/conta\/#Person","name":"MK","url":"https:\/\/lafast.org\/author\/conta\/","identifier":4,"image":{"@type":"ImageObject","@id":"https:\/\/secure.gravatar.com\/avatar\/8677e37530c6c7e5b6312e96378570f8?s=96&d=mm&r=g","url":"https:\/\/secure.gravatar.com\/avatar\/8677e37530c6c7e5b6312e96378570f8?s=96&d=mm&r=g","height":96,"width":96}},"image":{"@type":"ImageObject","@id":"https:\/\/lafast.org\/wp-content\/uploads\/2021\/04\/superficie-manga.png","url":"https:\/\/lafast.org\/wp-content\/uploads\/2021\/04\/superficie-manga.png","height":843,"width":1770},"url":"https:\/\/lafast.org\/la-gestion-integrada-de-plagas-gip-y-la-sanidad-vegetal-mango\/","about":["BLOG","Publicaciones"],"wordCount":1030,"keywords":["manga","mango","SomosLAFAST","sostenibilidad"]}