{"@context":"https:\/\/schema.org\/","@type":"BlogPosting","@id":"https:\/\/lafast.org\/la-fast-historia-de-la-agricultura-en-canarias\/#BlogPosting","mainEntityOfPage":"https:\/\/lafast.org\/la-fast-historia-de-la-agricultura-en-canarias\/","headline":"La FAST, historia de la agricultura en Canarias","name":"La FAST, historia de la agricultura en Canarias","description":"El pl\u00e1tano de Canarias quiz\u00e1 sea una de las marcas m\u00e1s reconocidas del Archipi\u00e9lago en toda su historia reciente. Y es que esta fruta, introducida...","datePublished":"2019-11-14","dateModified":"2024-11-30","author":{"@type":"Person","@id":"https:\/\/lafast.org\/author\/pyt\/#Person","name":"pyt","url":"https:\/\/lafast.org\/author\/pyt\/","identifier":6,"image":{"@type":"ImageObject","@id":"https:\/\/secure.gravatar.com\/avatar\/22f27b2e9ded79cc79760c97130ee494?s=96&d=mm&r=g","url":"https:\/\/secure.gravatar.com\/avatar\/22f27b2e9ded79cc79760c97130ee494?s=96&d=mm&r=g","height":96,"width":96}},"image":{"@type":"ImageObject","@id":"https:\/\/lafast.org\/wp-content\/uploads\/2018\/10\/fotos-historicas12.png","url":"https:\/\/lafast.org\/wp-content\/uploads\/2018\/10\/fotos-historicas12.png","height":508,"width":570},"url":"https:\/\/lafast.org\/la-fast-historia-de-la-agricultura-en-canarias\/","about":["BLOG","Noticias"],"wordCount":696}