{"@context":"https:\/\/schema.org\/","@type":"BlogPosting","@id":"https:\/\/lafast.org\/la-fast-estara-en-agrocanarias\/#BlogPosting","mainEntityOfPage":"https:\/\/lafast.org\/la-fast-estara-en-agrocanarias\/","headline":"LA FAST estar\u00e1 en AGROCANARIAS","name":"LA FAST estar\u00e1 en AGROCANARIAS","description":"Los pr\u00f3ximos d\u00edas 27, 28, 29 y 30 de Mayo se celebra en Alameda del Duque de Santa Elena (Santa Cruz de Tenerife)\u00a0 AGROCANARIAS. La...","datePublished":"2022-05-20","dateModified":"2022-06-16","author":{"@type":"Person","@id":"https:\/\/lafast.org\/author\/conta\/#Person","name":"MK","url":"https:\/\/lafast.org\/author\/conta\/","identifier":4,"image":{"@type":"ImageObject","@id":"https:\/\/secure.gravatar.com\/avatar\/8677e37530c6c7e5b6312e96378570f8?s=96&d=mm&r=g","url":"https:\/\/secure.gravatar.com\/avatar\/8677e37530c6c7e5b6312e96378570f8?s=96&d=mm&r=g","height":96,"width":96}},"image":{"@type":"ImageObject","@id":"https:\/\/lafast.org\/wp-content\/uploads\/2022\/05\/agrocanarias-la-fast.jpg","url":"https:\/\/lafast.org\/wp-content\/uploads\/2022\/05\/agrocanarias-la-fast.jpg","height":1500,"width":1500},"url":"https:\/\/lafast.org\/la-fast-estara-en-agrocanarias\/","about":["BLOG","Noticias"],"wordCount":162,"keywords":["agrocanarias","lafast","tenerife"]}