{"@context":"https:\/\/schema.org\/","@type":"BlogPosting","@id":"https:\/\/lafast.org\/jornada-formativa-en-seguridad-juridica-y-regimen-fiscal-del-sector-agroalimentario-canario-a-examen\/#BlogPosting","mainEntityOfPage":"https:\/\/lafast.org\/jornada-formativa-en-seguridad-juridica-y-regimen-fiscal-del-sector-agroalimentario-canario-a-examen\/","headline":"Jornada formativa en Seguridad Jur\u00eddica y R\u00e9gimen Fiscal del Sector Agroalimentario Canario, a examen","name":"Jornada formativa en Seguridad Jur\u00eddica y R\u00e9gimen Fiscal del Sector Agroalimentario Canario, a examen","description":"Programa informativo sobre la jornada formativa en Seguridad Jur\u00eddica y R\u00e9gimen Fiscal del Sector Agroalimentario Canario, a examen. Jornada prevista para el 14 de noviembre...","datePublished":"2023-10-27","dateModified":"2023-10-27","author":{"@type":"Person","@id":"https:\/\/lafast.org\/author\/conta\/#Person","name":"MK","url":"https:\/\/lafast.org\/author\/conta\/","identifier":4,"image":{"@type":"ImageObject","@id":"https:\/\/secure.gravatar.com\/avatar\/8677e37530c6c7e5b6312e96378570f8?s=96&d=mm&r=g","url":"https:\/\/secure.gravatar.com\/avatar\/8677e37530c6c7e5b6312e96378570f8?s=96&d=mm&r=g","height":96,"width":96}},"image":{"@type":"ImageObject","@id":"https:\/\/lafast.org\/wp-content\/uploads\/2023\/10\/jornada-normativa-seguridad-juridica-sector-agroalimentario.jpg","url":"https:\/\/lafast.org\/wp-content\/uploads\/2023\/10\/jornada-normativa-seguridad-juridica-sector-agroalimentario.jpg","height":1500,"width":1500},"url":"https:\/\/lafast.org\/jornada-formativa-en-seguridad-juridica-y-regimen-fiscal-del-sector-agroalimentario-canario-a-examen\/","about":["Noticias","Publicaciones"],"wordCount":259,"keywords":["Agricultura Canaria","La Fast"]}