{"@context":"https:\/\/schema.org\/","@type":"BlogPosting","@id":"https:\/\/lafast.org\/innovacion-y-liderazgo-en-el-platano-rojo-azul-y-amarillo-desde-canarias\/#BlogPosting","mainEntityOfPage":"https:\/\/lafast.org\/innovacion-y-liderazgo-en-el-platano-rojo-azul-y-amarillo-desde-canarias\/","headline":"Innovaci\u00f3n y Liderazgo en el Pl\u00e1tano Rojo, Azul y Amarillo desde Canarias","name":"Innovaci\u00f3n y Liderazgo en el Pl\u00e1tano Rojo, Azul y Amarillo desde Canarias","description":"&nbsp; Innovar en el mundo agr\u00edcola es un reto constante, y La FAST ha sabido asumirlo con \u00e9xito en el sector del pl\u00e1tano. Gracias al...","datePublished":"2024-10-29","dateModified":"2024-10-29","author":{"@type":"Person","@id":"https:\/\/lafast.org\/author\/conta\/#Person","name":"MK","url":"https:\/\/lafast.org\/author\/conta\/","identifier":4,"image":{"@type":"ImageObject","@id":"https:\/\/secure.gravatar.com\/avatar\/8677e37530c6c7e5b6312e96378570f8?s=96&d=mm&r=g","url":"https:\/\/secure.gravatar.com\/avatar\/8677e37530c6c7e5b6312e96378570f8?s=96&d=mm&r=g","height":96,"width":96}},"image":{"@type":"ImageObject","@id":"https:\/\/lafast.org\/wp-content\/uploads\/2024\/10\/platano-amarillo-azul-rojo-fast.jpg","url":"https:\/\/lafast.org\/wp-content\/uploads\/2024\/10\/platano-amarillo-azul-rojo-fast.jpg","height":1500,"width":1500},"url":"https:\/\/lafast.org\/innovacion-y-liderazgo-en-el-platano-rojo-azul-y-amarillo-desde-canarias\/","about":["BLOG","patano azul","platano","platano rojo","Publicaciones"],"wordCount":772,"keywords":["#LaFast #EntidadAgr\u00edcolaDecanadeCanarias #EsDeLaFast","#SomosDeLaFast #Pl\u00e1tanodeCanarias #IslasCanarias"]}