{"@context":"https:\/\/schema.org\/","@type":"BlogPosting","@id":"https:\/\/lafast.org\/inauguracion-de-higos-a-brevas\/#BlogPosting","mainEntityOfPage":"https:\/\/lafast.org\/inauguracion-de-higos-a-brevas\/","headline":"Inauguraci\u00f3n \u00abDe higos a brevas\u00bb","name":"Inauguraci\u00f3n \u00abDe higos a brevas\u00bb","description":"Inauguraci\u00f3n de puesto de frutas en el Mercado Nuestra se\u00f1ora de \u00c1frica &nbsp; La capital tinerfe\u00f1a se viste de fiesta para celebrar la inauguraci\u00f3n del...","datePublished":"2023-05-10","dateModified":"2023-05-10","author":{"@type":"Person","@id":"https:\/\/lafast.org\/author\/conta\/#Person","name":"MK","url":"https:\/\/lafast.org\/author\/conta\/","identifier":4,"image":{"@type":"ImageObject","@id":"https:\/\/secure.gravatar.com\/avatar\/8677e37530c6c7e5b6312e96378570f8?s=96&d=mm&r=g","url":"https:\/\/secure.gravatar.com\/avatar\/8677e37530c6c7e5b6312e96378570f8?s=96&d=mm&r=g","height":96,"width":96}},"image":{"@type":"ImageObject","@id":"https:\/\/lafast.org\/wp-content\/uploads\/2023\/05\/inauguracion-de-higos-a-brevas.jpg","url":"https:\/\/lafast.org\/wp-content\/uploads\/2023\/05\/inauguracion-de-higos-a-brevas.jpg","height":1024,"width":792},"url":"https:\/\/lafast.org\/inauguracion-de-higos-a-brevas\/","about":["BLOG","Noticias"],"wordCount":474,"keywords":["Agricultura Canaria","comercio local","desarrollo","frutas. verduras","productos locales","tenerife"]}