{"@context":"https:\/\/schema.org\/","@type":"BlogPosting","@id":"https:\/\/lafast.org\/gracias-por-ser-parte-de-la-fast\/#BlogPosting","mainEntityOfPage":"https:\/\/lafast.org\/gracias-por-ser-parte-de-la-fast\/","headline":"Gracias por Ser Parte de La FAST","name":"Gracias por Ser Parte de La FAST","description":"Una Semana para Recordar Esta semana hist\u00f3rica ha sido m\u00e1s que un aumento en las ventas. Es un testimonio de la dedicaci\u00f3n de nuestro equipo,...","datePublished":"2024-01-26","dateModified":"2024-01-26","author":{"@type":"Person","@id":"https:\/\/lafast.org\/author\/conta\/#Person","name":"MK","url":"https:\/\/lafast.org\/author\/conta\/","identifier":4,"image":{"@type":"ImageObject","@id":"https:\/\/secure.gravatar.com\/avatar\/8677e37530c6c7e5b6312e96378570f8?s=96&d=mm&r=g","url":"https:\/\/secure.gravatar.com\/avatar\/8677e37530c6c7e5b6312e96378570f8?s=96&d=mm&r=g","height":96,"width":96}},"image":{"@type":"ImageObject","@id":"https:\/\/lafast.org\/wp-content\/uploads\/2024\/01\/logro-fast.jpg","url":"https:\/\/lafast.org\/wp-content\/uploads\/2024\/01\/logro-fast.jpg","height":1500,"width":1500},"url":"https:\/\/lafast.org\/gracias-por-ser-parte-de-la-fast\/","about":["BLOG"],"wordCount":222,"keywords":["#SomosDeLaFast #Pl\u00e1tanodeCanarias #IslasCanarias","Agricultura Canaria"]}