{"@context":"https:\/\/schema.org\/","@type":"BlogPosting","@id":"https:\/\/lafast.org\/fruit-attraction-en-ifema-y-la-fast-esta-presente-con-su-fruta\/#BlogPosting","mainEntityOfPage":"https:\/\/lafast.org\/fruit-attraction-en-ifema-y-la-fast-esta-presente-con-su-fruta\/","headline":"FRUIT ATTRACTION en IFEMA y La Fast est\u00e1 presente con su fruta","name":"FRUIT ATTRACTION en IFEMA y La Fast est\u00e1 presente con su fruta","description":"Una nueva edici\u00f3n de FRUIT ATTRACTION en IFEMA y La Fast est\u00e1 presente con su fruta En el vibrante escenario del Pabell\u00f3n 5 de Canarias,...","datePublished":"2023-10-06","dateModified":"2023-10-06","author":{"@type":"Person","@id":"https:\/\/lafast.org\/author\/conta\/#Person","name":"MK","url":"https:\/\/lafast.org\/author\/conta\/","identifier":4,"image":{"@type":"ImageObject","@id":"https:\/\/secure.gravatar.com\/avatar\/8677e37530c6c7e5b6312e96378570f8?s=96&d=mm&r=g","url":"https:\/\/secure.gravatar.com\/avatar\/8677e37530c6c7e5b6312e96378570f8?s=96&d=mm&r=g","height":96,"width":96}},"image":{"@type":"ImageObject","@id":"https:\/\/lafast.org\/wp-content\/uploads\/2023\/10\/fast-ifema.jpg","url":"https:\/\/lafast.org\/wp-content\/uploads\/2023\/10\/fast-ifema.jpg","height":1500,"width":1500},"url":"https:\/\/lafast.org\/fruit-attraction-en-ifema-y-la-fast-esta-presente-con-su-fruta\/","about":["BLOG","Noticias","Publicaciones"],"wordCount":453,"keywords":["#LaFast #EntidadAgr\u00edcolaDecanadeCanarias #EsDeLaFast","Agricultura Canaria"]}