{"@context":"https:\/\/schema.org\/","@type":"BlogPosting","@id":"https:\/\/lafast.org\/el-platano-y-la-huella-de-co2\/#BlogPosting","mainEntityOfPage":"https:\/\/lafast.org\/el-platano-y-la-huella-de-co2\/","headline":"El pl\u00e1tano y la huella de CO2","name":"El pl\u00e1tano y la huella de CO2","description":"El pl\u00e1tano de Canarias, el alimento espa\u00f1ol que menos contamina La huella de CO2\u00a0 o huella de carbono ha cobrado importancia ante\u00a0 el cambio clim\u00e1tico...","datePublished":"2022-11-30","dateModified":"2022-12-01","author":{"@type":"Person","@id":"https:\/\/lafast.org\/author\/conta\/#Person","name":"MK","url":"https:\/\/lafast.org\/author\/conta\/","identifier":4,"image":{"@type":"ImageObject","@id":"https:\/\/secure.gravatar.com\/avatar\/8677e37530c6c7e5b6312e96378570f8?s=96&d=mm&r=g","url":"https:\/\/secure.gravatar.com\/avatar\/8677e37530c6c7e5b6312e96378570f8?s=96&d=mm&r=g","height":96,"width":96}},"image":{"@type":"ImageObject","@id":"https:\/\/lafast.org\/wp-content\/uploads\/2022\/11\/plantacion-platano.jpeg","url":"https:\/\/lafast.org\/wp-content\/uploads\/2022\/11\/plantacion-platano.jpeg","height":1500,"width":1500},"url":"https:\/\/lafast.org\/el-platano-y-la-huella-de-co2\/","about":["BLOG","Noticias","platano","Publicaciones","Sin categorizar"],"wordCount":433,"keywords":["cambio climatico","ecologico","Pl\u00e1tano de Canarias","resposabilidad social corporativa","sostenibilidad"]}