{"@context":"https:\/\/schema.org\/","@type":"BlogPosting","@id":"https:\/\/lafast.org\/el-descenso-del-consumo-de-fruta-en-espana\/#BlogPosting","mainEntityOfPage":"https:\/\/lafast.org\/el-descenso-del-consumo-de-fruta-en-espana\/","headline":"El Descenso del Consumo de Fruta en Espa\u00f1a","name":"El Descenso del Consumo de Fruta en Espa\u00f1a","description":"En los \u00faltimos a\u00f1os, hemos sido testigos de una tendencia preocupante en los hogares espa\u00f1oles: la disminuci\u00f3n en el consumo de fruta. Ya sea debido...","datePublished":"2023-09-29","dateModified":"2023-09-29","author":{"@type":"Person","@id":"https:\/\/lafast.org\/author\/conta\/#Person","name":"MK","url":"https:\/\/lafast.org\/author\/conta\/","identifier":4,"image":{"@type":"ImageObject","@id":"https:\/\/secure.gravatar.com\/avatar\/8677e37530c6c7e5b6312e96378570f8?s=96&d=mm&r=g","url":"https:\/\/secure.gravatar.com\/avatar\/8677e37530c6c7e5b6312e96378570f8?s=96&d=mm&r=g","height":96,"width":96}},"image":{"@type":"ImageObject","@id":"https:\/\/lafast.org\/wp-content\/uploads\/2023\/09\/patano-canarias.jpg","url":"https:\/\/lafast.org\/wp-content\/uploads\/2023\/09\/patano-canarias.jpg","height":773,"width":960},"url":"https:\/\/lafast.org\/el-descenso-del-consumo-de-fruta-en-espana\/","about":["BLOG","Noticias","prensa","Publicaciones"],"wordCount":626,"keywords":["frutas. verduras","lafast","Pl\u00e1tano de Canarias"]}