{"@context":"https:\/\/schema.org\/","@type":"BlogPosting","@id":"https:\/\/lafast.org\/desde-la-fast-te-deseamos-una-muy-feliz-navidad\/#BlogPosting","mainEntityOfPage":"https:\/\/lafast.org\/desde-la-fast-te-deseamos-una-muy-feliz-navidad\/","headline":"\u00a1Desde La Fast te deseamos una MUY FELIZ NAVIDAD!","name":"\u00a1Desde La Fast te deseamos una MUY FELIZ NAVIDAD!","description":"&nbsp; En esta temporada llena de magia, alegr\u00eda y uni\u00f3n, queremos compartir con ustedes un mensaje especial. Desde el coraz\u00f3n de nuestro equipo en La...","datePublished":"2024-12-25","dateModified":"2024-12-25","author":{"@type":"Person","@id":"https:\/\/lafast.org\/author\/conta\/#Person","name":"MK","url":"https:\/\/lafast.org\/author\/conta\/","identifier":4,"image":{"@type":"ImageObject","@id":"https:\/\/secure.gravatar.com\/avatar\/8677e37530c6c7e5b6312e96378570f8?s=96&d=mm&r=g","url":"https:\/\/secure.gravatar.com\/avatar\/8677e37530c6c7e5b6312e96378570f8?s=96&d=mm&r=g","height":96,"width":96}},"image":{"@type":"ImageObject","@id":"https:\/\/lafast.org\/wp-content\/uploads\/2024\/12\/lafast.jpg","url":"https:\/\/lafast.org\/wp-content\/uploads\/2024\/12\/lafast.jpg","height":1500,"width":1500},"url":"https:\/\/lafast.org\/desde-la-fast-te-deseamos-una-muy-feliz-navidad\/","about":["BLOG","Publicaciones"],"wordCount":217,"keywords":["#LaFast #EntidadAgr\u00edcolaDecanadeCanarias #EsDeLaFast"]}