{"@context":"https:\/\/schema.org\/","@type":"BlogPosting","@id":"https:\/\/lafast.org\/curso-de-poda-de-aguacateros\/#BlogPosting","mainEntityOfPage":"https:\/\/lafast.org\/curso-de-poda-de-aguacateros\/","headline":"Curso de poda de aguacateros","name":"Curso de poda de aguacateros","description":"\u00a1Hola! Estamos emocionados por anunciar que La FAST en La Orotava llevar\u00e1 a cabo una jornada de poda de aguacateros el pr\u00f3ximo mi\u00e9rcoles, 7 de...","datePublished":"2024-02-02","dateModified":"2024-02-02","author":{"@type":"Person","@id":"https:\/\/lafast.org\/author\/conta\/#Person","name":"MK","url":"https:\/\/lafast.org\/author\/conta\/","identifier":4,"image":{"@type":"ImageObject","@id":"https:\/\/secure.gravatar.com\/avatar\/8677e37530c6c7e5b6312e96378570f8?s=96&d=mm&r=g","url":"https:\/\/secure.gravatar.com\/avatar\/8677e37530c6c7e5b6312e96378570f8?s=96&d=mm&r=g","height":96,"width":96}},"image":{"@type":"ImageObject","@id":"https:\/\/lafast.org\/wp-content\/uploads\/2024\/02\/curso-poda-aguacate.jpg","url":"https:\/\/lafast.org\/wp-content\/uploads\/2024\/02\/curso-poda-aguacate.jpg","height":1500,"width":1500},"url":"https:\/\/lafast.org\/curso-de-poda-de-aguacateros\/","about":["aguacate","BLOG","Publicaciones"],"wordCount":97,"keywords":["#LaFast #EntidadAgr\u00edcolaDecanadeCanarias #EsDeLaFast","formacion"]}