{"@context":"https:\/\/schema.org\/","@type":"BlogPosting","@id":"https:\/\/lafast.org\/cumplimos-110-anos\/#BlogPosting","mainEntityOfPage":"https:\/\/lafast.org\/cumplimos-110-anos\/","headline":"\u00a1\u00a1CUMPLIMOS 110 A\u00d1OS!!!","name":"\u00a1\u00a1CUMPLIMOS 110 A\u00d1OS!!!","description":"La Fast, la Entidad Agr\u00edcola Decana de Canarias, celebra con alegr\u00eda su 110 aniversario, un viaje que comenz\u00f3 en 1914 con la uni\u00f3n de 23...","datePublished":"2024-12-01","dateModified":"2024-12-01","author":{"@type":"Person","@id":"https:\/\/lafast.org\/author\/conta\/#Person","name":"MK","url":"https:\/\/lafast.org\/author\/conta\/","identifier":4,"image":{"@type":"ImageObject","@id":"https:\/\/secure.gravatar.com\/avatar\/8677e37530c6c7e5b6312e96378570f8?s=96&d=mm&r=g","url":"https:\/\/secure.gravatar.com\/avatar\/8677e37530c6c7e5b6312e96378570f8?s=96&d=mm&r=g","height":96,"width":96}},"image":{"@type":"ImageObject","@id":"https:\/\/lafast.org\/wp-content\/uploads\/2024\/12\/11-anos.jpg","url":"https:\/\/lafast.org\/wp-content\/uploads\/2024\/12\/11-anos.jpg","height":1500,"width":1500},"url":"https:\/\/lafast.org\/cumplimos-110-anos\/","about":["BLOG","Noticias","Publicaciones"],"wordCount":275,"keywords":["#LaFast #EntidadAgr\u00edcolaDecanadeCanarias #EsDeLaFast"]}