{"@context":"https:\/\/schema.org\/","@type":"BlogPosting","@id":"https:\/\/lafast.org\/cultivo-ecologico-del-aguacate-en-las-islas-canarias\/#BlogPosting","mainEntityOfPage":"https:\/\/lafast.org\/cultivo-ecologico-del-aguacate-en-las-islas-canarias\/","headline":"Cultivo Ecol\u00f3gico del Aguacate en las Islas Canarias","name":"Cultivo Ecol\u00f3gico del Aguacate en las Islas Canarias","description":"La FAST est\u00e1 implicada en la lucha contra el cambio clim\u00e1tico, los cultivos ecol\u00f3gicos son una v\u00eda para combatirlo. En el caso del aguacate, hay...","datePublished":"2022-11-18","dateModified":"2022-11-18","author":{"@type":"Person","@id":"https:\/\/lafast.org\/author\/conta\/#Person","name":"MK","url":"https:\/\/lafast.org\/author\/conta\/","identifier":4,"image":{"@type":"ImageObject","@id":"https:\/\/secure.gravatar.com\/avatar\/8677e37530c6c7e5b6312e96378570f8?s=96&d=mm&r=g","url":"https:\/\/secure.gravatar.com\/avatar\/8677e37530c6c7e5b6312e96378570f8?s=96&d=mm&r=g","height":96,"width":96}},"image":{"@type":"ImageObject","@id":"https:\/\/lafast.org\/wp-content\/uploads\/2021\/03\/AGUACATERO.jpg","url":"https:\/\/lafast.org\/wp-content\/uploads\/2021\/03\/AGUACATERO.jpg","height":450,"width":600},"url":"https:\/\/lafast.org\/cultivo-ecologico-del-aguacate-en-las-islas-canarias\/","about":["aguacate","BLOG","Publicaciones"],"wordCount":199,"keywords":["aguacate","aguacate canarias","aguacate tenerife","sotenibilidad"]}