{"@context":"https:\/\/schema.org\/","@type":"CollectionPage","@id":"https:\/\/lafast.org\/category\/prensa\/#CollectionPage","headline":"prensa Category","description":"","url":"https:\/\/lafast.org\/category\/prensa\/","hasPart":[{"@type":"BlogPosting","@id":"https:\/\/lafast.org\/el-gobierno-de-canarias-propone-tipificar-la-importacion-de-productos-alimentarios-ilegales-como-delito-contra-la-salud-publica\/","headline":"El Gobierno de Canarias propone tipificar la importaci\u00f3n de productos alimentarios ilegales como delito contra la salud p\u00fablica","url":"https:\/\/lafast.org\/el-gobierno-de-canarias-propone-tipificar-la-importacion-de-productos-alimentarios-ilegales-como-delito-contra-la-salud-publica\/","datePublished":"2024-04-12","dateModified":"2024-04-12","mainEntityOfPage":"https:\/\/lafast.org\/el-gobierno-de-canarias-propone-tipificar-la-importacion-de-productos-alimentarios-ilegales-como-delito-contra-la-salud-publica\/","author":{"@type":"Person","@id":"https:\/\/lafast.org\/author\/conta\/#Person","name":"MK","url":"https:\/\/lafast.org\/author\/conta\/","identifier":4,"image":{"@type":"ImageObject","@id":"https:\/\/secure.gravatar.com\/avatar\/8677e37530c6c7e5b6312e96378570f8?s=96&d=mm&r=g","url":"https:\/\/secure.gravatar.com\/avatar\/8677e37530c6c7e5b6312e96378570f8?s=96&d=mm&r=g","height":96,"width":96}},"publisher":null,"image":{"@type":"ImageObject","@id":"https:\/\/lafast.org\/wp-content\/uploads\/2024\/04\/preparando-pedidos-FAST.jpg","url":"https:\/\/lafast.org\/wp-content\/uploads\/2024\/04\/preparando-pedidos-FAST.jpg","height":1500,"width":1500},"keywords":["#LaFast #EntidadAgr\u00edcolaDecanadeCanarias #EsDeLaFast"]},{"@type":"BlogPosting","@id":"https:\/\/lafast.org\/el-platano-de-canarias-una-delicia-versatil-y-apreciada\/","headline":"El Pl\u00e1tano de Canarias: Una Delicia Vers\u00e1til y Apreciada","url":"https:\/\/lafast.org\/el-platano-de-canarias-una-delicia-versatil-y-apreciada\/","datePublished":"2024-01-20","dateModified":"2024-01-20","mainEntityOfPage":"https:\/\/lafast.org\/el-platano-de-canarias-una-delicia-versatil-y-apreciada\/","author":{"@type":"Person","@id":"https:\/\/lafast.org\/author\/conta\/#Person","name":"MK","url":"https:\/\/lafast.org\/author\/conta\/","identifier":4,"image":{"@type":"ImageObject","@id":"https:\/\/secure.gravatar.com\/avatar\/8677e37530c6c7e5b6312e96378570f8?s=96&d=mm&r=g","url":"https:\/\/secure.gravatar.com\/avatar\/8677e37530c6c7e5b6312e96378570f8?s=96&d=mm&r=g","height":96,"width":96}},"publisher":null,"image":{"@type":"ImageObject","@id":"https:\/\/lafast.org\/wp-content\/uploads\/2023\/12\/platano-dieta-matutina.jpg","url":"https:\/\/lafast.org\/wp-content\/uploads\/2023\/12\/platano-dieta-matutina.jpg","height":843,"width":843},"keywords":["La Fast","Pl\u00e1tano de Canarias","sostenibilidad"]},{"@type":"BlogPosting","@id":"https:\/\/lafast.org\/el-descenso-del-consumo-de-fruta-en-espana\/","headline":"El Descenso del Consumo de Fruta en Espa\u00f1a","url":"https:\/\/lafast.org\/el-descenso-del-consumo-de-fruta-en-espana\/","datePublished":"2023-09-29","dateModified":"2023-09-29","mainEntityOfPage":"https:\/\/lafast.org\/el-descenso-del-consumo-de-fruta-en-espana\/","author":{"@type":"Person","@id":"https:\/\/lafast.org\/author\/conta\/#Person","name":"MK","url":"https:\/\/lafast.org\/author\/conta\/","identifier":4,"image":{"@type":"ImageObject","@id":"https:\/\/secure.gravatar.com\/avatar\/8677e37530c6c7e5b6312e96378570f8?s=96&d=mm&r=g","url":"https:\/\/secure.gravatar.com\/avatar\/8677e37530c6c7e5b6312e96378570f8?s=96&d=mm&r=g","height":96,"width":96}},"publisher":null,"image":{"@type":"ImageObject","@id":"https:\/\/lafast.org\/wp-content\/uploads\/2023\/09\/patano-canarias.jpg","url":"https:\/\/lafast.org\/wp-content\/uploads\/2023\/09\/patano-canarias.jpg","height":773,"width":960},"keywords":["frutas. verduras","lafast","Pl\u00e1tano de Canarias"]},{"@type":"BlogPosting","@id":"https:\/\/lafast.org\/optimizacion-de-la-produccion-de-platano-azul-un-proyecto-de-innovacion-de-cultesa\/","headline":"Optimizaci\u00f3n de la Producci\u00f3n de Pl\u00e1tano Azul: Un Proyecto de Innovaci\u00f3n de Cultesa","url":"https:\/\/lafast.org\/optimizacion-de-la-produccion-de-platano-azul-un-proyecto-de-innovacion-de-cultesa\/","datePublished":"2023-09-22","dateModified":"2023-09-22","mainEntityOfPage":"https:\/\/lafast.org\/optimizacion-de-la-produccion-de-platano-azul-un-proyecto-de-innovacion-de-cultesa\/","author":{"@type":"Person","@id":"https:\/\/lafast.org\/author\/conta\/#Person","name":"MK","url":"https:\/\/lafast.org\/author\/conta\/","identifier":4,"image":{"@type":"ImageObject","@id":"https:\/\/secure.gravatar.com\/avatar\/8677e37530c6c7e5b6312e96378570f8?s=96&d=mm&r=g","url":"https:\/\/secure.gravatar.com\/avatar\/8677e37530c6c7e5b6312e96378570f8?s=96&d=mm&r=g","height":96,"width":96}},"publisher":null,"image":{"@type":"ImageObject","@id":"https:\/\/lafast.org\/wp-content\/uploads\/2023\/09\/platano-azul.jpg","url":"https:\/\/lafast.org\/wp-content\/uploads\/2023\/09\/platano-azul.jpg","height":261,"width":500},"keywords":["#LaFast #EntidadAgr\u00edcolaDecanadeCanarias #EsDeLaFast","platano azul"]},{"@type":"BlogPosting","@id":"https:\/\/lafast.org\/descubre-los-beneficios-del-platano-en-tu-dieta\/","headline":"Descubre los beneficios del pl\u00e1tano en tu dieta","url":"https:\/\/lafast.org\/descubre-los-beneficios-del-platano-en-tu-dieta\/","datePublished":"2023-07-14","dateModified":"2023-07-14","mainEntityOfPage":"https:\/\/lafast.org\/descubre-los-beneficios-del-platano-en-tu-dieta\/","author":{"@type":"Person","@id":"https:\/\/lafast.org\/author\/conta\/#Person","name":"MK","url":"https:\/\/lafast.org\/author\/conta\/","identifier":4,"image":{"@type":"ImageObject","@id":"https:\/\/secure.gravatar.com\/avatar\/8677e37530c6c7e5b6312e96378570f8?s=96&d=mm&r=g","url":"https:\/\/secure.gravatar.com\/avatar\/8677e37530c6c7e5b6312e96378570f8?s=96&d=mm&r=g","height":96,"width":96}},"publisher":null,"image":{"@type":"ImageObject","@id":"https:\/\/lafast.org\/wp-content\/uploads\/2023\/07\/platano-desmintiendo-mitos.jpg","url":"https:\/\/lafast.org\/wp-content\/uploads\/2023\/07\/platano-desmintiendo-mitos.jpg","height":1080,"width":1080},"keywords":["Pl\u00e1tano de Canarias","salud","SomosLAFAST"]},{"@type":"BlogPosting","@id":"https:\/\/lafast.org\/entrevista-en-la-revista-campo-canario-la-agricultura-en-canarias\/","headline":"Entrevista en La Revista Campo Canario:  la Agricultura en Canarias","url":"https:\/\/lafast.org\/entrevista-en-la-revista-campo-canario-la-agricultura-en-canarias\/","datePublished":"2023-07-07","dateModified":"2023-07-07","mainEntityOfPage":"https:\/\/lafast.org\/entrevista-en-la-revista-campo-canario-la-agricultura-en-canarias\/","author":{"@type":"Person","@id":"https:\/\/lafast.org\/author\/conta\/#Person","name":"MK","url":"https:\/\/lafast.org\/author\/conta\/","identifier":4,"image":{"@type":"ImageObject","@id":"https:\/\/secure.gravatar.com\/avatar\/8677e37530c6c7e5b6312e96378570f8?s=96&d=mm&r=g","url":"https:\/\/secure.gravatar.com\/avatar\/8677e37530c6c7e5b6312e96378570f8?s=96&d=mm&r=g","height":96,"width":96}},"publisher":null,"image":{"@type":"ImageObject","@id":"https:\/\/lafast.org\/wp-content\/uploads\/2023\/07\/entrevista-fast-campo-canario.jpg","url":"https:\/\/lafast.org\/wp-content\/uploads\/2023\/07\/entrevista-fast-campo-canario.jpg","height":1500,"width":1500},"keywords":["Agricultura Canaria","La Fast"]},{"@type":"BlogPosting","@id":"https:\/\/lafast.org\/platano-rojo-en-el-periodico-isla-de-la-gomera\/","headline":"Pl\u00e1tano rojo en el peri\u00f3dico Isla de la Gomera","url":"https:\/\/lafast.org\/platano-rojo-en-el-periodico-isla-de-la-gomera\/","datePublished":"2023-06-30","dateModified":"2023-06-30","mainEntityOfPage":"https:\/\/lafast.org\/platano-rojo-en-el-periodico-isla-de-la-gomera\/","author":{"@type":"Person","@id":"https:\/\/lafast.org\/author\/conta\/#Person","name":"MK","url":"https:\/\/lafast.org\/author\/conta\/","identifier":4,"image":{"@type":"ImageObject","@id":"https:\/\/secure.gravatar.com\/avatar\/8677e37530c6c7e5b6312e96378570f8?s=96&d=mm&r=g","url":"https:\/\/secure.gravatar.com\/avatar\/8677e37530c6c7e5b6312e96378570f8?s=96&d=mm&r=g","height":96,"width":96}},"publisher":null,"image":{"@type":"ImageObject","@id":"https:\/\/lafast.org\/wp-content\/uploads\/2023\/06\/chefs-platano-rojo.jpg","url":"https:\/\/lafast.org\/wp-content\/uploads\/2023\/06\/chefs-platano-rojo.jpg","height":1500,"width":1500},"keywords":["#SomosDeLaFast #Pl\u00e1tanodeCanarias #IslasCanarias","pl\u00e1tano rojo"]},{"@type":"BlogPosting","@id":"https:\/\/lafast.org\/108-de-existencia\/","headline":"108 de existencia","url":"https:\/\/lafast.org\/108-de-existencia\/","datePublished":"2022-12-01","dateModified":"2022-12-01","mainEntityOfPage":"https:\/\/lafast.org\/108-de-existencia\/","author":{"@type":"Person","@id":"https:\/\/lafast.org\/author\/conta\/#Person","name":"MK","url":"https:\/\/lafast.org\/author\/conta\/","identifier":4,"image":{"@type":"ImageObject","@id":"https:\/\/secure.gravatar.com\/avatar\/8677e37530c6c7e5b6312e96378570f8?s=96&d=mm&r=g","url":"https:\/\/secure.gravatar.com\/avatar\/8677e37530c6c7e5b6312e96378570f8?s=96&d=mm&r=g","height":96,"width":96}},"publisher":null,"image":{"@type":"ImageObject","@id":"https:\/\/lafast.org\/wp-content\/uploads\/2022\/12\/108-anos-FAST.jpg","url":"https:\/\/lafast.org\/wp-content\/uploads\/2022\/12\/108-anos-FAST.jpg","height":500,"width":500},"keywords":["Agricultura Canaria","historia","La FAST 1914","SomosLAFAST"]},{"@type":"BlogPosting","@id":"https:\/\/lafast.org\/entrevista-en-la-tribuna-de-canarias\/","headline":"Entrevista en la Tribuna de Canarias","url":"https:\/\/lafast.org\/entrevista-en-la-tribuna-de-canarias\/","datePublished":"2022-11-03","dateModified":"2022-12-09","mainEntityOfPage":"https:\/\/lafast.org\/entrevista-en-la-tribuna-de-canarias\/","author":{"@type":"Person","@id":"https:\/\/lafast.org\/author\/conta\/#Person","name":"MK","url":"https:\/\/lafast.org\/author\/conta\/","identifier":4,"image":{"@type":"ImageObject","@id":"https:\/\/secure.gravatar.com\/avatar\/8677e37530c6c7e5b6312e96378570f8?s=96&d=mm&r=g","url":"https:\/\/secure.gravatar.com\/avatar\/8677e37530c6c7e5b6312e96378570f8?s=96&d=mm&r=g","height":96,"width":96}},"publisher":null,"image":{"@type":"ImageObject","@id":"https:\/\/lafast.org\/wp-content\/uploads\/2018\/10\/foto-general-1600-1030x320.jpg","url":"https:\/\/lafast.org\/wp-content\/uploads\/2018\/10\/foto-general-1600-1030x320.jpg","height":320,"width":1030},"keywords":["Agricultura Canaria","producci\u00f3n agricultura","SomosLAFAST"]},{"@type":"BlogPosting","@id":"https:\/\/lafast.org\/la-fast-y-la-transparencia\/","headline":"La FAST y la transparencia.","url":"https:\/\/lafast.org\/la-fast-y-la-transparencia\/","datePublished":"2022-07-28","dateModified":"2022-07-30","mainEntityOfPage":"https:\/\/lafast.org\/la-fast-y-la-transparencia\/","author":{"@type":"Person","@id":"https:\/\/lafast.org\/author\/conta\/#Person","name":"MK","url":"https:\/\/lafast.org\/author\/conta\/","identifier":4,"image":{"@type":"ImageObject","@id":"https:\/\/secure.gravatar.com\/avatar\/8677e37530c6c7e5b6312e96378570f8?s=96&d=mm&r=g","url":"https:\/\/secure.gravatar.com\/avatar\/8677e37530c6c7e5b6312e96378570f8?s=96&d=mm&r=g","height":96,"width":96}},"publisher":null,"image":{"@type":"ImageObject","@id":"https:\/\/lafast.org\/wp-content\/uploads\/2022\/07\/contenido-detalle_2.jpg","url":"https:\/\/lafast.org\/wp-content\/uploads\/2022\/07\/contenido-detalle_2.jpg","height":365,"width":345},"keywords":["knowcosters","rsc","SomosLAFAST"]}]}