{"@context":"https:\/\/schema.org\/","@type":"CollectionPage","@id":"https:\/\/lafast.org\/category\/patano\/#CollectionPage","headline":"platano Category","description":"","url":"https:\/\/lafast.org\/category\/patano\/","hasPart":[{"@type":"BlogPosting","@id":"https:\/\/lafast.org\/el-platano-beneficia-nuestra-salud\/","headline":"el pl\u00e1tano beneficia nuestra salud","url":"https:\/\/lafast.org\/el-platano-beneficia-nuestra-salud\/","datePublished":"2024-02-19","dateModified":"2024-02-19","mainEntityOfPage":"https:\/\/lafast.org\/el-platano-beneficia-nuestra-salud\/","author":{"@type":"Person","@id":"https:\/\/lafast.org\/author\/conta\/#Person","name":"MK","url":"https:\/\/lafast.org\/author\/conta\/","identifier":4,"image":{"@type":"ImageObject","@id":"https:\/\/secure.gravatar.com\/avatar\/8677e37530c6c7e5b6312e96378570f8?s=96&d=mm&r=g","url":"https:\/\/secure.gravatar.com\/avatar\/8677e37530c6c7e5b6312e96378570f8?s=96&d=mm&r=g","height":96,"width":96}},"publisher":null,"image":{"@type":"ImageObject","@id":"https:\/\/lafast.org\/wp-content\/uploads\/2021\/04\/platano-web.jpg","url":"https:\/\/lafast.org\/wp-content\/uploads\/2021\/04\/platano-web.jpg","height":500,"width":500},"keywords":["#SomosDeLaFast #Pl\u00e1tanodeCanarias #IslasCanarias"]},{"@type":"BlogPosting","@id":"https:\/\/lafast.org\/el-platano-de-canarias-una-delicia-versatil-y-apreciada\/","headline":"El Pl\u00e1tano de Canarias: Una Delicia Vers\u00e1til y Apreciada","url":"https:\/\/lafast.org\/el-platano-de-canarias-una-delicia-versatil-y-apreciada\/","datePublished":"2024-01-20","dateModified":"2024-01-20","mainEntityOfPage":"https:\/\/lafast.org\/el-platano-de-canarias-una-delicia-versatil-y-apreciada\/","author":{"@type":"Person","@id":"https:\/\/lafast.org\/author\/conta\/#Person","name":"MK","url":"https:\/\/lafast.org\/author\/conta\/","identifier":4,"image":{"@type":"ImageObject","@id":"https:\/\/secure.gravatar.com\/avatar\/8677e37530c6c7e5b6312e96378570f8?s=96&d=mm&r=g","url":"https:\/\/secure.gravatar.com\/avatar\/8677e37530c6c7e5b6312e96378570f8?s=96&d=mm&r=g","height":96,"width":96}},"publisher":null,"image":{"@type":"ImageObject","@id":"https:\/\/lafast.org\/wp-content\/uploads\/2023\/12\/platano-dieta-matutina.jpg","url":"https:\/\/lafast.org\/wp-content\/uploads\/2023\/12\/platano-dieta-matutina.jpg","height":843,"width":843},"keywords":["La Fast","Pl\u00e1tano de Canarias","sostenibilidad"]},{"@type":"BlogPosting","@id":"https:\/\/lafast.org\/articulo-sobre-el-platano-azul\/","headline":"Art\u00edculo sobre el pl\u00e1tano azul,","url":"https:\/\/lafast.org\/articulo-sobre-el-platano-azul\/","datePublished":"2024-01-12","dateModified":"2024-01-12","mainEntityOfPage":"https:\/\/lafast.org\/articulo-sobre-el-platano-azul\/","author":{"@type":"Person","@id":"https:\/\/lafast.org\/author\/conta\/#Person","name":"MK","url":"https:\/\/lafast.org\/author\/conta\/","identifier":4,"image":{"@type":"ImageObject","@id":"https:\/\/secure.gravatar.com\/avatar\/8677e37530c6c7e5b6312e96378570f8?s=96&d=mm&r=g","url":"https:\/\/secure.gravatar.com\/avatar\/8677e37530c6c7e5b6312e96378570f8?s=96&d=mm&r=g","height":96,"width":96}},"publisher":null,"image":{"@type":"ImageObject","@id":"https:\/\/lafast.org\/wp-content\/uploads\/2024\/01\/articulo-platano-azul.jpg","url":"https:\/\/lafast.org\/wp-content\/uploads\/2024\/01\/articulo-platano-azul.jpg","height":1754,"width":1241},"keywords":["platano azul","Pl\u00e1tano de Canarias","SomosLAFAST"]},{"@type":"BlogPosting","@id":"https:\/\/lafast.org\/el-platano-en-la-dieta-matutina\/","headline":"El pl\u00e1tano en la dieta matutina","url":"https:\/\/lafast.org\/el-platano-en-la-dieta-matutina\/","datePublished":"2023-12-08","dateModified":"2023-12-08","mainEntityOfPage":"https:\/\/lafast.org\/el-platano-en-la-dieta-matutina\/","author":{"@type":"Person","@id":"https:\/\/lafast.org\/author\/conta\/#Person","name":"MK","url":"https:\/\/lafast.org\/author\/conta\/","identifier":4,"image":{"@type":"ImageObject","@id":"https:\/\/secure.gravatar.com\/avatar\/8677e37530c6c7e5b6312e96378570f8?s=96&d=mm&r=g","url":"https:\/\/secure.gravatar.com\/avatar\/8677e37530c6c7e5b6312e96378570f8?s=96&d=mm&r=g","height":96,"width":96}},"publisher":null,"image":{"@type":"ImageObject","@id":"https:\/\/lafast.org\/wp-content\/uploads\/2023\/12\/platano-dieta-matutina.jpg","url":"https:\/\/lafast.org\/wp-content\/uploads\/2023\/12\/platano-dieta-matutina.jpg","height":843,"width":843},"keywords":["#SomosDeLaFast #Pl\u00e1tanodeCanarias #IslasCanarias"]},{"@type":"BlogPosting","@id":"https:\/\/lafast.org\/visita-de-eurobanan-a-la-fast\/","headline":"Visita  de Eurobanan a la FAST","url":"https:\/\/lafast.org\/visita-de-eurobanan-a-la-fast\/","datePublished":"2023-11-25","dateModified":"2023-11-25","mainEntityOfPage":"https:\/\/lafast.org\/visita-de-eurobanan-a-la-fast\/","author":{"@type":"Person","@id":"https:\/\/lafast.org\/author\/conta\/#Person","name":"MK","url":"https:\/\/lafast.org\/author\/conta\/","identifier":4,"image":{"@type":"ImageObject","@id":"https:\/\/secure.gravatar.com\/avatar\/8677e37530c6c7e5b6312e96378570f8?s=96&d=mm&r=g","url":"https:\/\/secure.gravatar.com\/avatar\/8677e37530c6c7e5b6312e96378570f8?s=96&d=mm&r=g","height":96,"width":96}},"publisher":null,"image":{"@type":"ImageObject","@id":"https:\/\/lafast.org\/wp-content\/uploads\/2023\/11\/eurobanan-fast-visita.jpg","url":"https:\/\/lafast.org\/wp-content\/uploads\/2023\/11\/eurobanan-fast-visita.jpg","height":1500,"width":1500},"keywords":["#LaFast #EntidadAgr\u00edcolaDecanadeCanarias #EsDeLaFast","sostenibilidad"]},{"@type":"BlogPosting","@id":"https:\/\/lafast.org\/conociendo-un-poco-mas-al-platano-azul\/","headline":"Conociendo un poco m\u00e1s al pl\u00e1tano azul","url":"https:\/\/lafast.org\/conociendo-un-poco-mas-al-platano-azul\/","datePublished":"2023-11-10","dateModified":"2023-11-10","mainEntityOfPage":"https:\/\/lafast.org\/conociendo-un-poco-mas-al-platano-azul\/","author":{"@type":"Person","@id":"https:\/\/lafast.org\/author\/conta\/#Person","name":"MK","url":"https:\/\/lafast.org\/author\/conta\/","identifier":4,"image":{"@type":"ImageObject","@id":"https:\/\/secure.gravatar.com\/avatar\/8677e37530c6c7e5b6312e96378570f8?s=96&d=mm&r=g","url":"https:\/\/secure.gravatar.com\/avatar\/8677e37530c6c7e5b6312e96378570f8?s=96&d=mm&r=g","height":96,"width":96}},"publisher":null,"image":{"@type":"ImageObject","@id":"https:\/\/lafast.org\/wp-content\/uploads\/2023\/11\/platano-azul-canarias.jpg","url":"https:\/\/lafast.org\/wp-content\/uploads\/2023\/11\/platano-azul-canarias.jpg","height":1500,"width":1500},"keywords":["Agricultura Canaria","La Fast","platano azul"]},{"@type":"BlogPosting","@id":"https:\/\/lafast.org\/fomentando-una-alimentacion-equilibrada\/","headline":"Fomentando una Alimentaci\u00f3n Equilibrada","url":"https:\/\/lafast.org\/fomentando-una-alimentacion-equilibrada\/","datePublished":"2023-10-20","dateModified":"2023-10-20","mainEntityOfPage":"https:\/\/lafast.org\/fomentando-una-alimentacion-equilibrada\/","author":{"@type":"Person","@id":"https:\/\/lafast.org\/author\/conta\/#Person","name":"MK","url":"https:\/\/lafast.org\/author\/conta\/","identifier":4,"image":{"@type":"ImageObject","@id":"https:\/\/secure.gravatar.com\/avatar\/8677e37530c6c7e5b6312e96378570f8?s=96&d=mm&r=g","url":"https:\/\/secure.gravatar.com\/avatar\/8677e37530c6c7e5b6312e96378570f8?s=96&d=mm&r=g","height":96,"width":96}},"publisher":null,"image":{"@type":"ImageObject","@id":"https:\/\/lafast.org\/wp-content\/uploads\/2018\/10\/platanoslafast.png","url":"https:\/\/lafast.org\/wp-content\/uploads\/2018\/10\/platanoslafast.png","height":708,"width":676},"keywords":["Agricultura Canaria","fast","responsabilidad social corporativa"]},{"@type":"BlogPosting","@id":"https:\/\/lafast.org\/optimizacion-de-la-produccion-de-platano-azul-un-proyecto-de-innovacion-de-cultesa\/","headline":"Optimizaci\u00f3n de la Producci\u00f3n de Pl\u00e1tano Azul: Un Proyecto de Innovaci\u00f3n de Cultesa","url":"https:\/\/lafast.org\/optimizacion-de-la-produccion-de-platano-azul-un-proyecto-de-innovacion-de-cultesa\/","datePublished":"2023-09-22","dateModified":"2023-09-22","mainEntityOfPage":"https:\/\/lafast.org\/optimizacion-de-la-produccion-de-platano-azul-un-proyecto-de-innovacion-de-cultesa\/","author":{"@type":"Person","@id":"https:\/\/lafast.org\/author\/conta\/#Person","name":"MK","url":"https:\/\/lafast.org\/author\/conta\/","identifier":4,"image":{"@type":"ImageObject","@id":"https:\/\/secure.gravatar.com\/avatar\/8677e37530c6c7e5b6312e96378570f8?s=96&d=mm&r=g","url":"https:\/\/secure.gravatar.com\/avatar\/8677e37530c6c7e5b6312e96378570f8?s=96&d=mm&r=g","height":96,"width":96}},"publisher":null,"image":{"@type":"ImageObject","@id":"https:\/\/lafast.org\/wp-content\/uploads\/2023\/09\/platano-azul.jpg","url":"https:\/\/lafast.org\/wp-content\/uploads\/2023\/09\/platano-azul.jpg","height":261,"width":500},"keywords":["#LaFast #EntidadAgr\u00edcolaDecanadeCanarias #EsDeLaFast","platano azul"]},{"@type":"BlogPosting","@id":"https:\/\/lafast.org\/descubre-los-beneficios-del-platano-en-tu-dieta\/","headline":"Descubre los beneficios del pl\u00e1tano en tu dieta","url":"https:\/\/lafast.org\/descubre-los-beneficios-del-platano-en-tu-dieta\/","datePublished":"2023-07-14","dateModified":"2023-07-14","mainEntityOfPage":"https:\/\/lafast.org\/descubre-los-beneficios-del-platano-en-tu-dieta\/","author":{"@type":"Person","@id":"https:\/\/lafast.org\/author\/conta\/#Person","name":"MK","url":"https:\/\/lafast.org\/author\/conta\/","identifier":4,"image":{"@type":"ImageObject","@id":"https:\/\/secure.gravatar.com\/avatar\/8677e37530c6c7e5b6312e96378570f8?s=96&d=mm&r=g","url":"https:\/\/secure.gravatar.com\/avatar\/8677e37530c6c7e5b6312e96378570f8?s=96&d=mm&r=g","height":96,"width":96}},"publisher":null,"image":{"@type":"ImageObject","@id":"https:\/\/lafast.org\/wp-content\/uploads\/2023\/07\/platano-desmintiendo-mitos.jpg","url":"https:\/\/lafast.org\/wp-content\/uploads\/2023\/07\/platano-desmintiendo-mitos.jpg","height":1080,"width":1080},"keywords":["Pl\u00e1tano de Canarias","salud","SomosLAFAST"]},{"@type":"BlogPosting","@id":"https:\/\/lafast.org\/platano-rojo-en-el-periodico-isla-de-la-gomera\/","headline":"Pl\u00e1tano rojo en el peri\u00f3dico Isla de la Gomera","url":"https:\/\/lafast.org\/platano-rojo-en-el-periodico-isla-de-la-gomera\/","datePublished":"2023-06-30","dateModified":"2023-06-30","mainEntityOfPage":"https:\/\/lafast.org\/platano-rojo-en-el-periodico-isla-de-la-gomera\/","author":{"@type":"Person","@id":"https:\/\/lafast.org\/author\/conta\/#Person","name":"MK","url":"https:\/\/lafast.org\/author\/conta\/","identifier":4,"image":{"@type":"ImageObject","@id":"https:\/\/secure.gravatar.com\/avatar\/8677e37530c6c7e5b6312e96378570f8?s=96&d=mm&r=g","url":"https:\/\/secure.gravatar.com\/avatar\/8677e37530c6c7e5b6312e96378570f8?s=96&d=mm&r=g","height":96,"width":96}},"publisher":null,"image":{"@type":"ImageObject","@id":"https:\/\/lafast.org\/wp-content\/uploads\/2023\/06\/chefs-platano-rojo.jpg","url":"https:\/\/lafast.org\/wp-content\/uploads\/2023\/06\/chefs-platano-rojo.jpg","height":1500,"width":1500},"keywords":["#SomosDeLaFast #Pl\u00e1tanodeCanarias #IslasCanarias","pl\u00e1tano rojo"]}]}