{"@context":"https:\/\/schema.org\/","@type":"CollectionPage","@id":"https:\/\/lafast.org\/category\/patano\/#CollectionPage","headline":"platano Category","description":"","url":"https:\/\/lafast.org\/category\/patano\/","hasPart":[{"@type":"BlogPosting","@id":"https:\/\/lafast.org\/la-fast-en-el-congreso-anual-de-dinosol-innovacion-y-tradicion-en-la-agricultura-canaria\/","headline":"La Fast en el Congreso Anual de Dinosol: Innovaci\u00f3n y Tradici\u00f3n en la Agricultura Canaria","url":"https:\/\/lafast.org\/la-fast-en-el-congreso-anual-de-dinosol-innovacion-y-tradicion-en-la-agricultura-canaria\/","datePublished":"2025-02-28","dateModified":"2025-02-28","mainEntityOfPage":"https:\/\/lafast.org\/la-fast-en-el-congreso-anual-de-dinosol-innovacion-y-tradicion-en-la-agricultura-canaria\/","author":{"@type":"Person","@id":"https:\/\/lafast.org\/author\/conta\/#Person","name":"MK","url":"https:\/\/lafast.org\/author\/conta\/","identifier":4,"image":{"@type":"ImageObject","@id":"https:\/\/secure.gravatar.com\/avatar\/8677e37530c6c7e5b6312e96378570f8?s=96&d=mm&r=g","url":"https:\/\/secure.gravatar.com\/avatar\/8677e37530c6c7e5b6312e96378570f8?s=96&d=mm&r=g","height":96,"width":96}},"publisher":null,"image":{"@type":"ImageObject","@id":"https:\/\/lafast.org\/wp-content\/uploads\/2025\/02\/congreso-dinosol.jpg","url":"https:\/\/lafast.org\/wp-content\/uploads\/2025\/02\/congreso-dinosol.jpg","height":1500,"width":1500},"keywords":["congreso dinosol fast","Pl\u00e1tano de Canarias"]},{"@type":"BlogPosting","@id":"https:\/\/lafast.org\/el-platano-azul-entra-en-madrid-fusion-con-oscar-lafuente-el-artesano-de-la-gastronomia-liquida\/","headline":"El Pl\u00e1tano Azul Entra en Madrid Fusi\u00f3n con Oscar Lafuente: El Artesano de la Gastronom\u00eda L\u00edquida","url":"https:\/\/lafast.org\/el-platano-azul-entra-en-madrid-fusion-con-oscar-lafuente-el-artesano-de-la-gastronomia-liquida\/","datePublished":"2025-01-29","dateModified":"2025-01-29","mainEntityOfPage":"https:\/\/lafast.org\/el-platano-azul-entra-en-madrid-fusion-con-oscar-lafuente-el-artesano-de-la-gastronomia-liquida\/","author":{"@type":"Person","@id":"https:\/\/lafast.org\/author\/conta\/#Person","name":"MK","url":"https:\/\/lafast.org\/author\/conta\/","identifier":4,"image":{"@type":"ImageObject","@id":"https:\/\/secure.gravatar.com\/avatar\/8677e37530c6c7e5b6312e96378570f8?s=96&d=mm&r=g","url":"https:\/\/secure.gravatar.com\/avatar\/8677e37530c6c7e5b6312e96378570f8?s=96&d=mm&r=g","height":96,"width":96}},"publisher":null,"image":{"@type":"ImageObject","@id":"https:\/\/lafast.org\/wp-content\/uploads\/2025\/01\/platano-azul-madridi-fusion-2025.jpg","url":"https:\/\/lafast.org\/wp-content\/uploads\/2025\/01\/platano-azul-madridi-fusion-2025.jpg","height":1500,"width":1500},"keywords":null},{"@type":"BlogPosting","@id":"https:\/\/lafast.org\/7-datos-inesperados-que-transformaran-tu-percepcion-sobre-los-platanos\/","headline":"7 Datos Inesperados que Transformar\u00e1n tu Percepci\u00f3n sobre los Pl\u00e1tanos","url":"https:\/\/lafast.org\/7-datos-inesperados-que-transformaran-tu-percepcion-sobre-los-platanos\/","datePublished":"2025-01-19","dateModified":"2025-01-19","mainEntityOfPage":"https:\/\/lafast.org\/7-datos-inesperados-que-transformaran-tu-percepcion-sobre-los-platanos\/","author":{"@type":"Person","@id":"https:\/\/lafast.org\/author\/conta\/#Person","name":"MK","url":"https:\/\/lafast.org\/author\/conta\/","identifier":4,"image":{"@type":"ImageObject","@id":"https:\/\/secure.gravatar.com\/avatar\/8677e37530c6c7e5b6312e96378570f8?s=96&d=mm&r=g","url":"https:\/\/secure.gravatar.com\/avatar\/8677e37530c6c7e5b6312e96378570f8?s=96&d=mm&r=g","height":96,"width":96}},"publisher":null,"image":{"@type":"ImageObject","@id":"https:\/\/lafast.org\/wp-content\/uploads\/2021\/04\/platano-web.jpg","url":"https:\/\/lafast.org\/wp-content\/uploads\/2021\/04\/platano-web.jpg","height":500,"width":500},"keywords":["#SomosDeLaFast #Pl\u00e1tanodeCanarias #IslasCanarias"]},{"@type":"BlogPosting","@id":"https:\/\/lafast.org\/innovacion-y-liderazgo-en-el-platano-rojo-azul-y-amarillo-desde-canarias\/","headline":"Innovaci\u00f3n y Liderazgo en el Pl\u00e1tano Rojo, Azul y Amarillo desde Canarias","url":"https:\/\/lafast.org\/innovacion-y-liderazgo-en-el-platano-rojo-azul-y-amarillo-desde-canarias\/","datePublished":"2024-10-29","dateModified":"2024-10-29","mainEntityOfPage":"https:\/\/lafast.org\/innovacion-y-liderazgo-en-el-platano-rojo-azul-y-amarillo-desde-canarias\/","author":{"@type":"Person","@id":"https:\/\/lafast.org\/author\/conta\/#Person","name":"MK","url":"https:\/\/lafast.org\/author\/conta\/","identifier":4,"image":{"@type":"ImageObject","@id":"https:\/\/secure.gravatar.com\/avatar\/8677e37530c6c7e5b6312e96378570f8?s=96&d=mm&r=g","url":"https:\/\/secure.gravatar.com\/avatar\/8677e37530c6c7e5b6312e96378570f8?s=96&d=mm&r=g","height":96,"width":96}},"publisher":null,"image":{"@type":"ImageObject","@id":"https:\/\/lafast.org\/wp-content\/uploads\/2024\/10\/platano-amarillo-azul-rojo-fast.jpg","url":"https:\/\/lafast.org\/wp-content\/uploads\/2024\/10\/platano-amarillo-azul-rojo-fast.jpg","height":1500,"width":1500},"keywords":["#LaFast #EntidadAgr\u00edcolaDecanadeCanarias #EsDeLaFast","#SomosDeLaFast #Pl\u00e1tanodeCanarias #IslasCanarias"]},{"@type":"BlogPosting","@id":"https:\/\/lafast.org\/asprocan-aclara-el-destino-del-platano-no-vendido-donaciones-y-compostaje\/","headline":"Asprocan Aclara el Destino del Pl\u00e1tano No Vendido: Donaciones y Compostaje","url":"https:\/\/lafast.org\/asprocan-aclara-el-destino-del-platano-no-vendido-donaciones-y-compostaje\/","datePublished":"2024-09-10","dateModified":"2024-09-10","mainEntityOfPage":"https:\/\/lafast.org\/asprocan-aclara-el-destino-del-platano-no-vendido-donaciones-y-compostaje\/","author":{"@type":"Person","@id":"https:\/\/lafast.org\/author\/conta\/#Person","name":"MK","url":"https:\/\/lafast.org\/author\/conta\/","identifier":4,"image":{"@type":"ImageObject","@id":"https:\/\/secure.gravatar.com\/avatar\/8677e37530c6c7e5b6312e96378570f8?s=96&d=mm&r=g","url":"https:\/\/secure.gravatar.com\/avatar\/8677e37530c6c7e5b6312e96378570f8?s=96&d=mm&r=g","height":96,"width":96}},"publisher":null,"image":{"@type":"ImageObject","@id":"https:\/\/lafast.org\/wp-content\/uploads\/2021\/04\/WhatsApp-Image-2021-04-13-at-12.30.28.jpeg","url":"https:\/\/lafast.org\/wp-content\/uploads\/2021\/04\/WhatsApp-Image-2021-04-13-at-12.30.28.jpeg","height":1200,"width":1600},"keywords":["#SomosDeLaFast #Pl\u00e1tanodeCanarias #IslasCanarias"]},{"@type":"BlogPosting","@id":"https:\/\/lafast.org\/el-mercado-del-platano-de-canarias-en-agosto\/","headline":"El Mercado del Pl\u00e1tano de Canarias en agosto","url":"https:\/\/lafast.org\/el-mercado-del-platano-de-canarias-en-agosto\/","datePublished":"2024-08-21","dateModified":"2024-08-21","mainEntityOfPage":"https:\/\/lafast.org\/el-mercado-del-platano-de-canarias-en-agosto\/","author":{"@type":"Person","@id":"https:\/\/lafast.org\/author\/conta\/#Person","name":"MK","url":"https:\/\/lafast.org\/author\/conta\/","identifier":4,"image":{"@type":"ImageObject","@id":"https:\/\/secure.gravatar.com\/avatar\/8677e37530c6c7e5b6312e96378570f8?s=96&d=mm&r=g","url":"https:\/\/secure.gravatar.com\/avatar\/8677e37530c6c7e5b6312e96378570f8?s=96&d=mm&r=g","height":96,"width":96}},"publisher":null,"image":{"@type":"ImageObject","@id":"https:\/\/lafast.org\/wp-content\/uploads\/2018\/10\/platanoslafast.png","url":"https:\/\/lafast.org\/wp-content\/uploads\/2018\/10\/platanoslafast.png","height":708,"width":676},"keywords":["#SomosDeLaFast #Pl\u00e1tanodeCanarias #IslasCanarias"]},{"@type":"BlogPosting","@id":"https:\/\/lafast.org\/platano-de-canarias-una-joya-de-temporada-en-la-revista-mercados\/","headline":"Pl\u00e1tano de Canarias: Una Joya de Temporada en La Revista Mercados","url":"https:\/\/lafast.org\/platano-de-canarias-una-joya-de-temporada-en-la-revista-mercados\/","datePublished":"2024-07-12","dateModified":"2024-07-09","mainEntityOfPage":"https:\/\/lafast.org\/platano-de-canarias-una-joya-de-temporada-en-la-revista-mercados\/","author":{"@type":"Person","@id":"https:\/\/lafast.org\/author\/conta\/#Person","name":"MK","url":"https:\/\/lafast.org\/author\/conta\/","identifier":4,"image":{"@type":"ImageObject","@id":"https:\/\/secure.gravatar.com\/avatar\/8677e37530c6c7e5b6312e96378570f8?s=96&d=mm&r=g","url":"https:\/\/secure.gravatar.com\/avatar\/8677e37530c6c7e5b6312e96378570f8?s=96&d=mm&r=g","height":96,"width":96}},"publisher":null,"image":{"@type":"ImageObject","@id":"https:\/\/lafast.org\/wp-content\/uploads\/2024\/04\/preparando-pedidos-FAST.jpg","url":"https:\/\/lafast.org\/wp-content\/uploads\/2024\/04\/preparando-pedidos-FAST.jpg","height":1500,"width":1500},"keywords":["#SomosDeLaFast #Pl\u00e1tanodeCanarias #IslasCanarias"]},{"@type":"BlogPosting","@id":"https:\/\/lafast.org\/coplaca-lider-en-platanos-de-canarias\/","headline":"COPLACA: L\u00edder en Pl\u00e1tanos de Canarias","url":"https:\/\/lafast.org\/coplaca-lider-en-platanos-de-canarias\/","datePublished":"2024-06-14","dateModified":"2024-06-10","mainEntityOfPage":"https:\/\/lafast.org\/coplaca-lider-en-platanos-de-canarias\/","author":{"@type":"Person","@id":"https:\/\/lafast.org\/author\/conta\/#Person","name":"MK","url":"https:\/\/lafast.org\/author\/conta\/","identifier":4,"image":{"@type":"ImageObject","@id":"https:\/\/secure.gravatar.com\/avatar\/8677e37530c6c7e5b6312e96378570f8?s=96&d=mm&r=g","url":"https:\/\/secure.gravatar.com\/avatar\/8677e37530c6c7e5b6312e96378570f8?s=96&d=mm&r=g","height":96,"width":96}},"publisher":null,"image":{"@type":"ImageObject","@id":"https:\/\/lafast.org\/wp-content\/uploads\/2022\/11\/plantacion-platano.jpeg","url":"https:\/\/lafast.org\/wp-content\/uploads\/2022\/11\/plantacion-platano.jpeg","height":1500,"width":1500},"keywords":["#SomosDeLaFast #Pl\u00e1tanodeCanarias #IslasCanarias"]},{"@type":"BlogPosting","@id":"https:\/\/lafast.org\/la-situacion-del-platano-canario-precios-y-competencia-en-el-mercado-espanol\/","headline":"La Situaci\u00f3n del Pl\u00e1tano Canario: Precios y Competencia en el Mercado Espa\u00f1ol","url":"https:\/\/lafast.org\/la-situacion-del-platano-canario-precios-y-competencia-en-el-mercado-espanol\/","datePublished":"2024-06-10","dateModified":"2024-06-10","mainEntityOfPage":"https:\/\/lafast.org\/la-situacion-del-platano-canario-precios-y-competencia-en-el-mercado-espanol\/","author":{"@type":"Person","@id":"https:\/\/lafast.org\/author\/conta\/#Person","name":"MK","url":"https:\/\/lafast.org\/author\/conta\/","identifier":4,"image":{"@type":"ImageObject","@id":"https:\/\/secure.gravatar.com\/avatar\/8677e37530c6c7e5b6312e96378570f8?s=96&d=mm&r=g","url":"https:\/\/secure.gravatar.com\/avatar\/8677e37530c6c7e5b6312e96378570f8?s=96&d=mm&r=g","height":96,"width":96}},"publisher":null,"image":{"@type":"ImageObject","@id":"https:\/\/lafast.org\/wp-content\/uploads\/2023\/09\/platano-azul.jpg","url":"https:\/\/lafast.org\/wp-content\/uploads\/2023\/09\/platano-azul.jpg","height":261,"width":500},"keywords":["#SomosDeLaFast #Pl\u00e1tanodeCanarias #IslasCanarias"]},{"@type":"BlogPosting","@id":"https:\/\/lafast.org\/la-ivjornadaasociacionismoagrariocanario\/","headline":"La IV Jornada de Asociacionismo Agrario Canario: Destacando la Integraci\u00f3n Organizativa en el Sector Platanero","url":"https:\/\/lafast.org\/la-ivjornadaasociacionismoagrariocanario\/","datePublished":"2024-05-06","dateModified":"2024-05-06","mainEntityOfPage":"https:\/\/lafast.org\/la-ivjornadaasociacionismoagrariocanario\/","author":{"@type":"Person","@id":"https:\/\/lafast.org\/author\/conta\/#Person","name":"MK","url":"https:\/\/lafast.org\/author\/conta\/","identifier":4,"image":{"@type":"ImageObject","@id":"https:\/\/secure.gravatar.com\/avatar\/8677e37530c6c7e5b6312e96378570f8?s=96&d=mm&r=g","url":"https:\/\/secure.gravatar.com\/avatar\/8677e37530c6c7e5b6312e96378570f8?s=96&d=mm&r=g","height":96,"width":96}},"publisher":null,"image":{"@type":"ImageObject","@id":"https:\/\/lafast.org\/wp-content\/uploads\/2024\/05\/jornadas-asociacion-agraria.jpg","url":"https:\/\/lafast.org\/wp-content\/uploads\/2024\/05\/jornadas-asociacion-agraria.jpg","height":1414,"width":2000},"keywords":["#LaFast #EntidadAgr\u00edcolaDecanadeCanarias #EsDeLaFast"]}]}