{"@context":"https:\/\/schema.org\/","@type":"CollectionPage","@id":"https:\/\/lafast.org\/category\/patano-azul\/#CollectionPage","headline":"patano azul Category","description":"","url":"https:\/\/lafast.org\/category\/patano-azul\/","hasPart":[{"@type":"BlogPosting","@id":"https:\/\/lafast.org\/la-fast-en-el-congreso-anual-de-dinosol-innovacion-y-tradicion-en-la-agricultura-canaria\/","headline":"La Fast en el Congreso Anual de Dinosol: Innovaci\u00f3n y Tradici\u00f3n en la Agricultura Canaria","url":"https:\/\/lafast.org\/la-fast-en-el-congreso-anual-de-dinosol-innovacion-y-tradicion-en-la-agricultura-canaria\/","datePublished":"2025-02-28","dateModified":"2025-02-28","mainEntityOfPage":"https:\/\/lafast.org\/la-fast-en-el-congreso-anual-de-dinosol-innovacion-y-tradicion-en-la-agricultura-canaria\/","author":{"@type":"Person","@id":"https:\/\/lafast.org\/author\/conta\/#Person","name":"MK","url":"https:\/\/lafast.org\/author\/conta\/","identifier":4,"image":{"@type":"ImageObject","@id":"https:\/\/secure.gravatar.com\/avatar\/8677e37530c6c7e5b6312e96378570f8?s=96&d=mm&r=g","url":"https:\/\/secure.gravatar.com\/avatar\/8677e37530c6c7e5b6312e96378570f8?s=96&d=mm&r=g","height":96,"width":96}},"publisher":null,"image":{"@type":"ImageObject","@id":"https:\/\/lafast.org\/wp-content\/uploads\/2025\/02\/congreso-dinosol.jpg","url":"https:\/\/lafast.org\/wp-content\/uploads\/2025\/02\/congreso-dinosol.jpg","height":1500,"width":1500},"keywords":["congreso dinosol fast","Pl\u00e1tano de Canarias"]},{"@type":"BlogPosting","@id":"https:\/\/lafast.org\/el-platano-azul-entra-en-madrid-fusion-con-oscar-lafuente-el-artesano-de-la-gastronomia-liquida\/","headline":"El Pl\u00e1tano Azul Entra en Madrid Fusi\u00f3n con Oscar Lafuente: El Artesano de la Gastronom\u00eda L\u00edquida","url":"https:\/\/lafast.org\/el-platano-azul-entra-en-madrid-fusion-con-oscar-lafuente-el-artesano-de-la-gastronomia-liquida\/","datePublished":"2025-01-29","dateModified":"2025-01-29","mainEntityOfPage":"https:\/\/lafast.org\/el-platano-azul-entra-en-madrid-fusion-con-oscar-lafuente-el-artesano-de-la-gastronomia-liquida\/","author":{"@type":"Person","@id":"https:\/\/lafast.org\/author\/conta\/#Person","name":"MK","url":"https:\/\/lafast.org\/author\/conta\/","identifier":4,"image":{"@type":"ImageObject","@id":"https:\/\/secure.gravatar.com\/avatar\/8677e37530c6c7e5b6312e96378570f8?s=96&d=mm&r=g","url":"https:\/\/secure.gravatar.com\/avatar\/8677e37530c6c7e5b6312e96378570f8?s=96&d=mm&r=g","height":96,"width":96}},"publisher":null,"image":{"@type":"ImageObject","@id":"https:\/\/lafast.org\/wp-content\/uploads\/2025\/01\/platano-azul-madridi-fusion-2025.jpg","url":"https:\/\/lafast.org\/wp-content\/uploads\/2025\/01\/platano-azul-madridi-fusion-2025.jpg","height":1500,"width":1500},"keywords":null},{"@type":"BlogPosting","@id":"https:\/\/lafast.org\/innovacion-y-liderazgo-en-el-platano-rojo-azul-y-amarillo-desde-canarias\/","headline":"Innovaci\u00f3n y Liderazgo en el Pl\u00e1tano Rojo, Azul y Amarillo desde Canarias","url":"https:\/\/lafast.org\/innovacion-y-liderazgo-en-el-platano-rojo-azul-y-amarillo-desde-canarias\/","datePublished":"2024-10-29","dateModified":"2024-10-29","mainEntityOfPage":"https:\/\/lafast.org\/innovacion-y-liderazgo-en-el-platano-rojo-azul-y-amarillo-desde-canarias\/","author":{"@type":"Person","@id":"https:\/\/lafast.org\/author\/conta\/#Person","name":"MK","url":"https:\/\/lafast.org\/author\/conta\/","identifier":4,"image":{"@type":"ImageObject","@id":"https:\/\/secure.gravatar.com\/avatar\/8677e37530c6c7e5b6312e96378570f8?s=96&d=mm&r=g","url":"https:\/\/secure.gravatar.com\/avatar\/8677e37530c6c7e5b6312e96378570f8?s=96&d=mm&r=g","height":96,"width":96}},"publisher":null,"image":{"@type":"ImageObject","@id":"https:\/\/lafast.org\/wp-content\/uploads\/2024\/10\/platano-amarillo-azul-rojo-fast.jpg","url":"https:\/\/lafast.org\/wp-content\/uploads\/2024\/10\/platano-amarillo-azul-rojo-fast.jpg","height":1500,"width":1500},"keywords":["#LaFast #EntidadAgr\u00edcolaDecanadeCanarias #EsDeLaFast","#SomosDeLaFast #Pl\u00e1tanodeCanarias #IslasCanarias"]},{"@type":"BlogPosting","@id":"https:\/\/lafast.org\/articulo-sobre-el-platano-azul\/","headline":"Art\u00edculo sobre el pl\u00e1tano azul,","url":"https:\/\/lafast.org\/articulo-sobre-el-platano-azul\/","datePublished":"2024-01-12","dateModified":"2024-01-12","mainEntityOfPage":"https:\/\/lafast.org\/articulo-sobre-el-platano-azul\/","author":{"@type":"Person","@id":"https:\/\/lafast.org\/author\/conta\/#Person","name":"MK","url":"https:\/\/lafast.org\/author\/conta\/","identifier":4,"image":{"@type":"ImageObject","@id":"https:\/\/secure.gravatar.com\/avatar\/8677e37530c6c7e5b6312e96378570f8?s=96&d=mm&r=g","url":"https:\/\/secure.gravatar.com\/avatar\/8677e37530c6c7e5b6312e96378570f8?s=96&d=mm&r=g","height":96,"width":96}},"publisher":null,"image":{"@type":"ImageObject","@id":"https:\/\/lafast.org\/wp-content\/uploads\/2024\/01\/articulo-platano-azul.jpg","url":"https:\/\/lafast.org\/wp-content\/uploads\/2024\/01\/articulo-platano-azul.jpg","height":1754,"width":1241},"keywords":["platano azul","Pl\u00e1tano de Canarias","SomosLAFAST"]},{"@type":"BlogPosting","@id":"https:\/\/lafast.org\/conociendo-un-poco-mas-al-platano-azul\/","headline":"Conociendo un poco m\u00e1s al pl\u00e1tano azul","url":"https:\/\/lafast.org\/conociendo-un-poco-mas-al-platano-azul\/","datePublished":"2023-11-10","dateModified":"2023-11-10","mainEntityOfPage":"https:\/\/lafast.org\/conociendo-un-poco-mas-al-platano-azul\/","author":{"@type":"Person","@id":"https:\/\/lafast.org\/author\/conta\/#Person","name":"MK","url":"https:\/\/lafast.org\/author\/conta\/","identifier":4,"image":{"@type":"ImageObject","@id":"https:\/\/secure.gravatar.com\/avatar\/8677e37530c6c7e5b6312e96378570f8?s=96&d=mm&r=g","url":"https:\/\/secure.gravatar.com\/avatar\/8677e37530c6c7e5b6312e96378570f8?s=96&d=mm&r=g","height":96,"width":96}},"publisher":null,"image":{"@type":"ImageObject","@id":"https:\/\/lafast.org\/wp-content\/uploads\/2023\/11\/platano-azul-canarias.jpg","url":"https:\/\/lafast.org\/wp-content\/uploads\/2023\/11\/platano-azul-canarias.jpg","height":1500,"width":1500},"keywords":["Agricultura Canaria","La Fast","platano azul"]}]}