{"@context":"https:\/\/schema.org\/","@type":"CollectionPage","@id":"https:\/\/lafast.org\/category\/blog\/publicaciones\/#CollectionPage","headline":"Publicaciones Category","description":"","url":"https:\/\/lafast.org\/category\/blog\/publicaciones\/","hasPart":[{"@type":"BlogPosting","@id":"https:\/\/lafast.org\/el-mercado-del-platano-de-canarias-en-agosto\/","headline":"El Mercado del Pl\u00e1tano de Canarias en agosto","url":"https:\/\/lafast.org\/el-mercado-del-platano-de-canarias-en-agosto\/","datePublished":"2024-08-21","dateModified":"2024-08-21","mainEntityOfPage":"https:\/\/lafast.org\/el-mercado-del-platano-de-canarias-en-agosto\/","author":{"@type":"Person","@id":"https:\/\/lafast.org\/author\/conta\/#Person","name":"MK","url":"https:\/\/lafast.org\/author\/conta\/","identifier":4,"image":{"@type":"ImageObject","@id":"https:\/\/secure.gravatar.com\/avatar\/8677e37530c6c7e5b6312e96378570f8?s=96&d=mm&r=g","url":"https:\/\/secure.gravatar.com\/avatar\/8677e37530c6c7e5b6312e96378570f8?s=96&d=mm&r=g","height":96,"width":96}},"publisher":null,"image":{"@type":"ImageObject","@id":"https:\/\/lafast.org\/wp-content\/uploads\/2018\/10\/platanoslafast.png","url":"https:\/\/lafast.org\/wp-content\/uploads\/2018\/10\/platanoslafast.png","height":708,"width":676},"keywords":["#SomosDeLaFast #Pl\u00e1tanodeCanarias #IslasCanarias"]},{"@type":"BlogPosting","@id":"https:\/\/lafast.org\/mangas-de-canarias\/","headline":"Mangas de Canarias","url":"https:\/\/lafast.org\/mangas-de-canarias\/","datePublished":"2024-08-09","dateModified":"2024-08-09","mainEntityOfPage":"https:\/\/lafast.org\/mangas-de-canarias\/","author":{"@type":"Person","@id":"https:\/\/lafast.org\/author\/conta\/#Person","name":"MK","url":"https:\/\/lafast.org\/author\/conta\/","identifier":4,"image":{"@type":"ImageObject","@id":"https:\/\/secure.gravatar.com\/avatar\/8677e37530c6c7e5b6312e96378570f8?s=96&d=mm&r=g","url":"https:\/\/secure.gravatar.com\/avatar\/8677e37530c6c7e5b6312e96378570f8?s=96&d=mm&r=g","height":96,"width":96}},"publisher":null,"image":{"@type":"ImageObject","@id":"https:\/\/lafast.org\/wp-content\/uploads\/2024\/08\/mangaplantafast.jpg","url":"https:\/\/lafast.org\/wp-content\/uploads\/2024\/08\/mangaplantafast.jpg","height":1500,"width":1500},"keywords":["#LaFast #EntidadAgr\u00edcolaDecanadeCanarias #EsDeLaFast","manga"]},{"@type":"BlogPosting","@id":"https:\/\/lafast.org\/disfruta-las-primeras-mangas-de-la-temporada-desde-canarias\/","headline":"Disfruta las Primeras Mangas de la Temporada desde Canarias","url":"https:\/\/lafast.org\/disfruta-las-primeras-mangas-de-la-temporada-desde-canarias\/","datePublished":"2024-07-26","dateModified":"2024-07-26","mainEntityOfPage":"https:\/\/lafast.org\/disfruta-las-primeras-mangas-de-la-temporada-desde-canarias\/","author":{"@type":"Person","@id":"https:\/\/lafast.org\/author\/conta\/#Person","name":"MK","url":"https:\/\/lafast.org\/author\/conta\/","identifier":4,"image":{"@type":"ImageObject","@id":"https:\/\/secure.gravatar.com\/avatar\/8677e37530c6c7e5b6312e96378570f8?s=96&d=mm&r=g","url":"https:\/\/secure.gravatar.com\/avatar\/8677e37530c6c7e5b6312e96378570f8?s=96&d=mm&r=g","height":96,"width":96}},"publisher":null,"image":{"@type":"ImageObject","@id":"https:\/\/lafast.org\/wp-content\/uploads\/2024\/07\/manga-fast-temp.jpg","url":"https:\/\/lafast.org\/wp-content\/uploads\/2024\/07\/manga-fast-temp.jpg","height":1500,"width":1500},"keywords":["La Fast","manga","mango"]},{"@type":"BlogPosting","@id":"https:\/\/lafast.org\/platano-de-canarias-una-joya-de-temporada-en-la-revista-mercados\/","headline":"Pl\u00e1tano de Canarias: Una Joya de Temporada en La Revista Mercados","url":"https:\/\/lafast.org\/platano-de-canarias-una-joya-de-temporada-en-la-revista-mercados\/","datePublished":"2024-07-12","dateModified":"2024-07-09","mainEntityOfPage":"https:\/\/lafast.org\/platano-de-canarias-una-joya-de-temporada-en-la-revista-mercados\/","author":{"@type":"Person","@id":"https:\/\/lafast.org\/author\/conta\/#Person","name":"MK","url":"https:\/\/lafast.org\/author\/conta\/","identifier":4,"image":{"@type":"ImageObject","@id":"https:\/\/secure.gravatar.com\/avatar\/8677e37530c6c7e5b6312e96378570f8?s=96&d=mm&r=g","url":"https:\/\/secure.gravatar.com\/avatar\/8677e37530c6c7e5b6312e96378570f8?s=96&d=mm&r=g","height":96,"width":96}},"publisher":null,"image":{"@type":"ImageObject","@id":"https:\/\/lafast.org\/wp-content\/uploads\/2024\/04\/preparando-pedidos-FAST.jpg","url":"https:\/\/lafast.org\/wp-content\/uploads\/2024\/04\/preparando-pedidos-FAST.jpg","height":1500,"width":1500},"keywords":["#SomosDeLaFast #Pl\u00e1tanodeCanarias #IslasCanarias"]},{"@type":"BlogPosting","@id":"https:\/\/lafast.org\/el-modelo-de-las-cooperativas-agroalimentarias-un-futuro-prometedor\/","headline":"El Modelo de las Cooperativas Agroalimentarias: Un Futuro Prometedor","url":"https:\/\/lafast.org\/el-modelo-de-las-cooperativas-agroalimentarias-un-futuro-prometedor\/","datePublished":"2024-07-09","dateModified":"2024-07-09","mainEntityOfPage":"https:\/\/lafast.org\/el-modelo-de-las-cooperativas-agroalimentarias-un-futuro-prometedor\/","author":{"@type":"Person","@id":"https:\/\/lafast.org\/author\/conta\/#Person","name":"MK","url":"https:\/\/lafast.org\/author\/conta\/","identifier":4,"image":{"@type":"ImageObject","@id":"https:\/\/secure.gravatar.com\/avatar\/8677e37530c6c7e5b6312e96378570f8?s=96&d=mm&r=g","url":"https:\/\/secure.gravatar.com\/avatar\/8677e37530c6c7e5b6312e96378570f8?s=96&d=mm&r=g","height":96,"width":96}},"publisher":null,"image":{"@type":"ImageObject","@id":"https:\/\/lafast.org\/wp-content\/uploads\/2024\/07\/cooperativa.jpg","url":"https:\/\/lafast.org\/wp-content\/uploads\/2024\/07\/cooperativa.jpg","height":1021,"width":1170},"keywords":["#LaFast #EntidadAgr\u00edcolaDecanadeCanarias #EsDeLaFast","cooperativa"]},{"@type":"BlogPosting","@id":"https:\/\/lafast.org\/sistema-integral-agroecologico-para-el-control-de-la-polilla\/","headline":"Sistema Integral Agroecol\u00f3gico para el Control de la Polilla","url":"https:\/\/lafast.org\/sistema-integral-agroecologico-para-el-control-de-la-polilla\/","datePublished":"2024-06-21","dateModified":"2024-06-21","mainEntityOfPage":"https:\/\/lafast.org\/sistema-integral-agroecologico-para-el-control-de-la-polilla\/","author":{"@type":"Person","@id":"https:\/\/lafast.org\/author\/conta\/#Person","name":"MK","url":"https:\/\/lafast.org\/author\/conta\/","identifier":4,"image":{"@type":"ImageObject","@id":"https:\/\/secure.gravatar.com\/avatar\/8677e37530c6c7e5b6312e96378570f8?s=96&d=mm&r=g","url":"https:\/\/secure.gravatar.com\/avatar\/8677e37530c6c7e5b6312e96378570f8?s=96&d=mm&r=g","height":96,"width":96}},"publisher":null,"image":{"@type":"ImageObject","@id":"https:\/\/lafast.org\/wp-content\/uploads\/2024\/06\/many-potatoes-together-scaled.jpg","url":"https:\/\/lafast.org\/wp-content\/uploads\/2024\/06\/many-potatoes-together-scaled.jpg","height":1708,"width":2560},"keywords":["Agricultura Canaria","SAT FAST","sostenibilidad"]},{"@type":"BlogPosting","@id":"https:\/\/lafast.org\/coplaca-lider-en-platanos-de-canarias\/","headline":"COPLACA: L\u00edder en Pl\u00e1tanos de Canarias","url":"https:\/\/lafast.org\/coplaca-lider-en-platanos-de-canarias\/","datePublished":"2024-06-14","dateModified":"2024-06-10","mainEntityOfPage":"https:\/\/lafast.org\/coplaca-lider-en-platanos-de-canarias\/","author":{"@type":"Person","@id":"https:\/\/lafast.org\/author\/conta\/#Person","name":"MK","url":"https:\/\/lafast.org\/author\/conta\/","identifier":4,"image":{"@type":"ImageObject","@id":"https:\/\/secure.gravatar.com\/avatar\/8677e37530c6c7e5b6312e96378570f8?s=96&d=mm&r=g","url":"https:\/\/secure.gravatar.com\/avatar\/8677e37530c6c7e5b6312e96378570f8?s=96&d=mm&r=g","height":96,"width":96}},"publisher":null,"image":{"@type":"ImageObject","@id":"https:\/\/lafast.org\/wp-content\/uploads\/2022\/11\/plantacion-platano.jpeg","url":"https:\/\/lafast.org\/wp-content\/uploads\/2022\/11\/plantacion-platano.jpeg","height":1500,"width":1500},"keywords":["#SomosDeLaFast #Pl\u00e1tanodeCanarias #IslasCanarias"]},{"@type":"BlogPosting","@id":"https:\/\/lafast.org\/la-situacion-del-platano-canario-precios-y-competencia-en-el-mercado-espanol\/","headline":"La Situaci\u00f3n del Pl\u00e1tano Canario: Precios y Competencia en el Mercado Espa\u00f1ol","url":"https:\/\/lafast.org\/la-situacion-del-platano-canario-precios-y-competencia-en-el-mercado-espanol\/","datePublished":"2024-06-10","dateModified":"2024-06-10","mainEntityOfPage":"https:\/\/lafast.org\/la-situacion-del-platano-canario-precios-y-competencia-en-el-mercado-espanol\/","author":{"@type":"Person","@id":"https:\/\/lafast.org\/author\/conta\/#Person","name":"MK","url":"https:\/\/lafast.org\/author\/conta\/","identifier":4,"image":{"@type":"ImageObject","@id":"https:\/\/secure.gravatar.com\/avatar\/8677e37530c6c7e5b6312e96378570f8?s=96&d=mm&r=g","url":"https:\/\/secure.gravatar.com\/avatar\/8677e37530c6c7e5b6312e96378570f8?s=96&d=mm&r=g","height":96,"width":96}},"publisher":null,"image":{"@type":"ImageObject","@id":"https:\/\/lafast.org\/wp-content\/uploads\/2023\/09\/platano-azul.jpg","url":"https:\/\/lafast.org\/wp-content\/uploads\/2023\/09\/platano-azul.jpg","height":261,"width":500},"keywords":["#SomosDeLaFast #Pl\u00e1tanodeCanarias #IslasCanarias"]},{"@type":"BlogPosting","@id":"https:\/\/lafast.org\/el-aguacate-un-aliado-contra-el-colesterol-malo-ldl\/","headline":"El Aguacate: Un Aliado Contra el Colesterol Malo (LDL)","url":"https:\/\/lafast.org\/el-aguacate-un-aliado-contra-el-colesterol-malo-ldl\/","datePublished":"2024-05-31","dateModified":"2024-05-31","mainEntityOfPage":"https:\/\/lafast.org\/el-aguacate-un-aliado-contra-el-colesterol-malo-ldl\/","author":{"@type":"Person","@id":"https:\/\/lafast.org\/author\/conta\/#Person","name":"MK","url":"https:\/\/lafast.org\/author\/conta\/","identifier":4,"image":{"@type":"ImageObject","@id":"https:\/\/secure.gravatar.com\/avatar\/8677e37530c6c7e5b6312e96378570f8?s=96&d=mm&r=g","url":"https:\/\/secure.gravatar.com\/avatar\/8677e37530c6c7e5b6312e96378570f8?s=96&d=mm&r=g","height":96,"width":96}},"publisher":null,"image":{"@type":"ImageObject","@id":"https:\/\/lafast.org\/wp-content\/uploads\/2021\/03\/AGUACATE-FUERT.jpg","url":"https:\/\/lafast.org\/wp-content\/uploads\/2021\/03\/AGUACATE-FUERT.jpg","height":800,"width":741},"keywords":["aguacate","colesterol LDL","dieta saludable fast","grasas cardiosaludables","salud cardiovascular"]},{"@type":"BlogPosting","@id":"https:\/\/lafast.org\/gastrocanaria-2024-un-exito-rotundo\/","headline":"GastroCanaria 2024: Un \u00c9xito Rotundo","url":"https:\/\/lafast.org\/gastrocanaria-2024-un-exito-rotundo\/","datePublished":"2024-05-24","dateModified":"2024-05-24","mainEntityOfPage":"https:\/\/lafast.org\/gastrocanaria-2024-un-exito-rotundo\/","author":{"@type":"Person","@id":"https:\/\/lafast.org\/author\/conta\/#Person","name":"MK","url":"https:\/\/lafast.org\/author\/conta\/","identifier":4,"image":{"@type":"ImageObject","@id":"https:\/\/secure.gravatar.com\/avatar\/8677e37530c6c7e5b6312e96378570f8?s=96&d=mm&r=g","url":"https:\/\/secure.gravatar.com\/avatar\/8677e37530c6c7e5b6312e96378570f8?s=96&d=mm&r=g","height":96,"width":96}},"publisher":null,"image":{"@type":"ImageObject","@id":"https:\/\/lafast.org\/wp-content\/uploads\/2024\/05\/fastgaso2024.jpg","url":"https:\/\/lafast.org\/wp-content\/uploads\/2024\/05\/fastgaso2024.jpg","height":1500,"width":1500},"keywords":["#SomosDeLaFast #Pl\u00e1tanodeCanarias #IslasCanarias"]}]}