{"@context":"https:\/\/schema.org\/","@type":"CollectionPage","@id":"https:\/\/lafast.org\/category\/blog\/publicaciones\/#CollectionPage","headline":"Publicaciones Category","description":"","url":"https:\/\/lafast.org\/category\/blog\/publicaciones\/","hasPart":[{"@type":"BlogPosting","@id":"https:\/\/lafast.org\/frutas-ecologicas-de-canarias-mas-nutritivas-segun-el-csic\/","headline":"Frutas ecol\u00f3gicas de Canarias: m\u00e1s nutritivas seg\u00fan el CSIC","url":"https:\/\/lafast.org\/frutas-ecologicas-de-canarias-mas-nutritivas-segun-el-csic\/","datePublished":"2024-12-05","dateModified":"2024-12-05","mainEntityOfPage":"https:\/\/lafast.org\/frutas-ecologicas-de-canarias-mas-nutritivas-segun-el-csic\/","author":{"@type":"Person","@id":"https:\/\/lafast.org\/author\/conta\/#Person","name":"MK","url":"https:\/\/lafast.org\/author\/conta\/","identifier":4,"image":{"@type":"ImageObject","@id":"https:\/\/secure.gravatar.com\/avatar\/8677e37530c6c7e5b6312e96378570f8?s=96&d=mm&r=g","url":"https:\/\/secure.gravatar.com\/avatar\/8677e37530c6c7e5b6312e96378570f8?s=96&d=mm&r=g","height":96,"width":96}},"publisher":null,"image":{"@type":"ImageObject","@id":"https:\/\/lafast.org\/wp-content\/uploads\/2024\/05\/fastgastr2024.jpg","url":"https:\/\/lafast.org\/wp-content\/uploads\/2024\/05\/fastgastr2024.jpg","height":1500,"width":1500},"keywords":["Agricultura Canaria","sostenibilidad"]},{"@type":"BlogPosting","@id":"https:\/\/lafast.org\/cumplimos-110-anos\/","headline":"\u00a1\u00a1CUMPLIMOS 110 A\u00d1OS!!!","url":"https:\/\/lafast.org\/cumplimos-110-anos\/","datePublished":"2024-12-01","dateModified":"2024-12-01","mainEntityOfPage":"https:\/\/lafast.org\/cumplimos-110-anos\/","author":{"@type":"Person","@id":"https:\/\/lafast.org\/author\/conta\/#Person","name":"MK","url":"https:\/\/lafast.org\/author\/conta\/","identifier":4,"image":{"@type":"ImageObject","@id":"https:\/\/secure.gravatar.com\/avatar\/8677e37530c6c7e5b6312e96378570f8?s=96&d=mm&r=g","url":"https:\/\/secure.gravatar.com\/avatar\/8677e37530c6c7e5b6312e96378570f8?s=96&d=mm&r=g","height":96,"width":96}},"publisher":null,"image":{"@type":"ImageObject","@id":"https:\/\/lafast.org\/wp-content\/uploads\/2024\/12\/11-anos.jpg","url":"https:\/\/lafast.org\/wp-content\/uploads\/2024\/12\/11-anos.jpg","height":1500,"width":1500},"keywords":["#LaFast #EntidadAgr\u00edcolaDecanadeCanarias #EsDeLaFast"]},{"@type":"BlogPosting","@id":"https:\/\/lafast.org\/los-origenes-de-la-fast\/","headline":"Los Or\u00edgenes de la FAST","url":"https:\/\/lafast.org\/los-origenes-de-la-fast\/","datePublished":"2024-11-30","dateModified":"2024-11-30","mainEntityOfPage":"https:\/\/lafast.org\/los-origenes-de-la-fast\/","author":{"@type":"Person","@id":"https:\/\/lafast.org\/author\/conta\/#Person","name":"MK","url":"https:\/\/lafast.org\/author\/conta\/","identifier":4,"image":{"@type":"ImageObject","@id":"https:\/\/secure.gravatar.com\/avatar\/8677e37530c6c7e5b6312e96378570f8?s=96&d=mm&r=g","url":"https:\/\/secure.gravatar.com\/avatar\/8677e37530c6c7e5b6312e96378570f8?s=96&d=mm&r=g","height":96,"width":96}},"publisher":null,"image":{"@type":"ImageObject","@id":"https:\/\/lafast.org\/wp-content\/uploads\/2024\/11\/constitucion-fast.jpg","url":"https:\/\/lafast.org\/wp-content\/uploads\/2024\/11\/constitucion-fast.jpg","height":1500,"width":1500},"keywords":["#LaFast #EntidadAgr\u00edcolaDecanadeCanarias #EsDeLaFast"]},{"@type":"BlogPosting","@id":"https:\/\/lafast.org\/aguacate-de-canarias-el-sabor-del-sol-listo-para-conquistar-europa\/","headline":"Aguacate de Canarias: El Sabor del Sol Listo para Conquistar Europa","url":"https:\/\/lafast.org\/aguacate-de-canarias-el-sabor-del-sol-listo-para-conquistar-europa\/","datePublished":"2024-11-22","dateModified":"2024-11-21","mainEntityOfPage":"https:\/\/lafast.org\/aguacate-de-canarias-el-sabor-del-sol-listo-para-conquistar-europa\/","author":{"@type":"Person","@id":"https:\/\/lafast.org\/author\/conta\/#Person","name":"MK","url":"https:\/\/lafast.org\/author\/conta\/","identifier":4,"image":{"@type":"ImageObject","@id":"https:\/\/secure.gravatar.com\/avatar\/8677e37530c6c7e5b6312e96378570f8?s=96&d=mm&r=g","url":"https:\/\/secure.gravatar.com\/avatar\/8677e37530c6c7e5b6312e96378570f8?s=96&d=mm&r=g","height":96,"width":96}},"publisher":null,"image":{"@type":"ImageObject","@id":"https:\/\/lafast.org\/wp-content\/uploads\/2024\/11\/aguacatefast.jpg","url":"https:\/\/lafast.org\/wp-content\/uploads\/2024\/11\/aguacatefast.jpg","height":1500,"width":1500},"keywords":["Agricultura Canaria","aguacate","La Fast"]},{"@type":"BlogPosting","@id":"https:\/\/lafast.org\/innovacion-y-liderazgo-en-el-platano-rojo-azul-y-amarillo-desde-canarias\/","headline":"Innovaci\u00f3n y Liderazgo en el Pl\u00e1tano Rojo, Azul y Amarillo desde Canarias","url":"https:\/\/lafast.org\/innovacion-y-liderazgo-en-el-platano-rojo-azul-y-amarillo-desde-canarias\/","datePublished":"2024-10-29","dateModified":"2024-10-29","mainEntityOfPage":"https:\/\/lafast.org\/innovacion-y-liderazgo-en-el-platano-rojo-azul-y-amarillo-desde-canarias\/","author":{"@type":"Person","@id":"https:\/\/lafast.org\/author\/conta\/#Person","name":"MK","url":"https:\/\/lafast.org\/author\/conta\/","identifier":4,"image":{"@type":"ImageObject","@id":"https:\/\/secure.gravatar.com\/avatar\/8677e37530c6c7e5b6312e96378570f8?s=96&d=mm&r=g","url":"https:\/\/secure.gravatar.com\/avatar\/8677e37530c6c7e5b6312e96378570f8?s=96&d=mm&r=g","height":96,"width":96}},"publisher":null,"image":{"@type":"ImageObject","@id":"https:\/\/lafast.org\/wp-content\/uploads\/2024\/10\/platano-amarillo-azul-rojo-fast.jpg","url":"https:\/\/lafast.org\/wp-content\/uploads\/2024\/10\/platano-amarillo-azul-rojo-fast.jpg","height":1500,"width":1500},"keywords":["#LaFast #EntidadAgr\u00edcolaDecanadeCanarias #EsDeLaFast","#SomosDeLaFast #Pl\u00e1tanodeCanarias #IslasCanarias"]},{"@type":"BlogPosting","@id":"https:\/\/lafast.org\/jornadas-sobre-el-sector-agroalimentario-y-cooperativismo\/","headline":"Jornadas sobre el sector agroalimentario y cooperativismo","url":"https:\/\/lafast.org\/jornadas-sobre-el-sector-agroalimentario-y-cooperativismo\/","datePublished":"2024-10-16","dateModified":"2024-10-16","mainEntityOfPage":"https:\/\/lafast.org\/jornadas-sobre-el-sector-agroalimentario-y-cooperativismo\/","author":{"@type":"Person","@id":"https:\/\/lafast.org\/author\/conta\/#Person","name":"MK","url":"https:\/\/lafast.org\/author\/conta\/","identifier":4,"image":{"@type":"ImageObject","@id":"https:\/\/secure.gravatar.com\/avatar\/8677e37530c6c7e5b6312e96378570f8?s=96&d=mm&r=g","url":"https:\/\/secure.gravatar.com\/avatar\/8677e37530c6c7e5b6312e96378570f8?s=96&d=mm&r=g","height":96,"width":96}},"publisher":null,"image":{"@type":"ImageObject","@id":"https:\/\/lafast.org\/wp-content\/uploads\/2024\/10\/jornada-sector-agrario-ull.jpg","url":"https:\/\/lafast.org\/wp-content\/uploads\/2024\/10\/jornada-sector-agrario-ull.jpg","height":350,"width":700},"keywords":["Sector agroalimentario Cooperativismo Jornadas ULL Econom\u00eda espa\u00f1ola Agroalimentaci\u00f3n sostenible Retos sector agroalimentario Seguridad alimentaria"]},{"@type":"BlogPosting","@id":"https:\/\/lafast.org\/fruit-attraction-2024\/","headline":"Fruit Attraction 2024","url":"https:\/\/lafast.org\/fruit-attraction-2024\/","datePublished":"2024-09-28","dateModified":"2024-09-28","mainEntityOfPage":"https:\/\/lafast.org\/fruit-attraction-2024\/","author":{"@type":"Person","@id":"https:\/\/lafast.org\/author\/conta\/#Person","name":"MK","url":"https:\/\/lafast.org\/author\/conta\/","identifier":4,"image":{"@type":"ImageObject","@id":"https:\/\/secure.gravatar.com\/avatar\/8677e37530c6c7e5b6312e96378570f8?s=96&d=mm&r=g","url":"https:\/\/secure.gravatar.com\/avatar\/8677e37530c6c7e5b6312e96378570f8?s=96&d=mm&r=g","height":96,"width":96}},"publisher":null,"image":{"@type":"ImageObject","@id":"https:\/\/lafast.org\/wp-content\/uploads\/2024\/09\/frut-attactio-2024.jpg","url":"https:\/\/lafast.org\/wp-content\/uploads\/2024\/09\/frut-attactio-2024.jpg","height":1500,"width":1500},"keywords":["#SomosDeLaFast #Pl\u00e1tanodeCanarias #IslasCanarias","Agricultura Canaria","fruit attraction 2024"]},{"@type":"BlogPosting","@id":"https:\/\/lafast.org\/inicios-de-comercializacion-del-aguacate-jornada-informativa-en-el-icia\/","headline":"Inicios de Comercializaci\u00f3n del Aguacate: Jornada Informativa en el ICIA","url":"https:\/\/lafast.org\/inicios-de-comercializacion-del-aguacate-jornada-informativa-en-el-icia\/","datePublished":"2024-09-20","dateModified":"2024-09-20","mainEntityOfPage":"https:\/\/lafast.org\/inicios-de-comercializacion-del-aguacate-jornada-informativa-en-el-icia\/","author":{"@type":"Person","@id":"https:\/\/lafast.org\/author\/conta\/#Person","name":"MK","url":"https:\/\/lafast.org\/author\/conta\/","identifier":4,"image":{"@type":"ImageObject","@id":"https:\/\/secure.gravatar.com\/avatar\/8677e37530c6c7e5b6312e96378570f8?s=96&d=mm&r=g","url":"https:\/\/secure.gravatar.com\/avatar\/8677e37530c6c7e5b6312e96378570f8?s=96&d=mm&r=g","height":96,"width":96}},"publisher":null,"image":{"@type":"ImageObject","@id":"https:\/\/lafast.org\/wp-content\/uploads\/2024\/09\/aguacate-formacion.jpg","url":"https:\/\/lafast.org\/wp-content\/uploads\/2024\/09\/aguacate-formacion.jpg","height":1500,"width":1500},"keywords":["aguacate"]},{"@type":"BlogPosting","@id":"https:\/\/lafast.org\/asprocan-aclara-el-destino-del-platano-no-vendido-donaciones-y-compostaje\/","headline":"Asprocan Aclara el Destino del Pl\u00e1tano No Vendido: Donaciones y Compostaje","url":"https:\/\/lafast.org\/asprocan-aclara-el-destino-del-platano-no-vendido-donaciones-y-compostaje\/","datePublished":"2024-09-10","dateModified":"2024-09-10","mainEntityOfPage":"https:\/\/lafast.org\/asprocan-aclara-el-destino-del-platano-no-vendido-donaciones-y-compostaje\/","author":{"@type":"Person","@id":"https:\/\/lafast.org\/author\/conta\/#Person","name":"MK","url":"https:\/\/lafast.org\/author\/conta\/","identifier":4,"image":{"@type":"ImageObject","@id":"https:\/\/secure.gravatar.com\/avatar\/8677e37530c6c7e5b6312e96378570f8?s=96&d=mm&r=g","url":"https:\/\/secure.gravatar.com\/avatar\/8677e37530c6c7e5b6312e96378570f8?s=96&d=mm&r=g","height":96,"width":96}},"publisher":null,"image":{"@type":"ImageObject","@id":"https:\/\/lafast.org\/wp-content\/uploads\/2021\/04\/WhatsApp-Image-2021-04-13-at-12.30.28.jpeg","url":"https:\/\/lafast.org\/wp-content\/uploads\/2021\/04\/WhatsApp-Image-2021-04-13-at-12.30.28.jpeg","height":1200,"width":1600},"keywords":["#SomosDeLaFast #Pl\u00e1tanodeCanarias #IslasCanarias"]},{"@type":"BlogPosting","@id":"https:\/\/lafast.org\/naranjas-y-mandarinas-canarias-frescura-sabor-unico-y-sostenibilidad\/","headline":"Naranjas y Mandarinas Canarias: Frescura, Sabor \u00danico y Sostenibilidad","url":"https:\/\/lafast.org\/naranjas-y-mandarinas-canarias-frescura-sabor-unico-y-sostenibilidad\/","datePublished":"2024-09-04","dateModified":"2024-09-04","mainEntityOfPage":"https:\/\/lafast.org\/naranjas-y-mandarinas-canarias-frescura-sabor-unico-y-sostenibilidad\/","author":{"@type":"Person","@id":"https:\/\/lafast.org\/author\/conta\/#Person","name":"MK","url":"https:\/\/lafast.org\/author\/conta\/","identifier":4,"image":{"@type":"ImageObject","@id":"https:\/\/secure.gravatar.com\/avatar\/8677e37530c6c7e5b6312e96378570f8?s=96&d=mm&r=g","url":"https:\/\/secure.gravatar.com\/avatar\/8677e37530c6c7e5b6312e96378570f8?s=96&d=mm&r=g","height":96,"width":96}},"publisher":null,"image":{"@type":"ImageObject","@id":"https:\/\/lafast.org\/wp-content\/uploads\/2024\/09\/citricos-fast.jpg","url":"https:\/\/lafast.org\/wp-content\/uploads\/2024\/09\/citricos-fast.jpg","height":1500,"width":1500},"keywords":["#LaFast #EntidadAgr\u00edcolaDecanadeCanarias #EsDeLaFast","naranja canaria mandarina"]}]}