{"@context":"https:\/\/schema.org\/","@type":"CollectionPage","@id":"https:\/\/lafast.org\/category\/blog\/publicaciones\/#CollectionPage","headline":"Publicaciones Category","description":"","url":"https:\/\/lafast.org\/category\/blog\/publicaciones\/","hasPart":[{"@type":"BlogPosting","@id":"https:\/\/lafast.org\/iso-14000\/","headline":"ISO 14000","url":"https:\/\/lafast.org\/iso-14000\/","datePublished":"2022-08-08","dateModified":"2022-10-13","mainEntityOfPage":"https:\/\/lafast.org\/iso-14000\/","author":{"@type":"Person","@id":"https:\/\/lafast.org\/author\/conta\/#Person","name":"MK","url":"https:\/\/lafast.org\/author\/conta\/","identifier":4,"image":{"@type":"ImageObject","@id":"https:\/\/secure.gravatar.com\/avatar\/8677e37530c6c7e5b6312e96378570f8?s=96&d=mm&r=g","url":"https:\/\/secure.gravatar.com\/avatar\/8677e37530c6c7e5b6312e96378570f8?s=96&d=mm&r=g","height":96,"width":96}},"publisher":null,"image":{"@type":"ImageObject","@id":"https:\/\/lafast.org\/wp-content\/uploads\/2022\/08\/ISO14000.png","url":"https:\/\/lafast.org\/wp-content\/uploads\/2022\/08\/ISO14000.png","height":496,"width":500},"keywords":["resposabilidad social corporativa","SiesdeLAFAST"]},{"@type":"BlogPosting","@id":"https:\/\/lafast.org\/la-fast-y-la-transparencia\/","headline":"La FAST y la transparencia.","url":"https:\/\/lafast.org\/la-fast-y-la-transparencia\/","datePublished":"2022-07-28","dateModified":"2022-07-30","mainEntityOfPage":"https:\/\/lafast.org\/la-fast-y-la-transparencia\/","author":{"@type":"Person","@id":"https:\/\/lafast.org\/author\/conta\/#Person","name":"MK","url":"https:\/\/lafast.org\/author\/conta\/","identifier":4,"image":{"@type":"ImageObject","@id":"https:\/\/secure.gravatar.com\/avatar\/8677e37530c6c7e5b6312e96378570f8?s=96&d=mm&r=g","url":"https:\/\/secure.gravatar.com\/avatar\/8677e37530c6c7e5b6312e96378570f8?s=96&d=mm&r=g","height":96,"width":96}},"publisher":null,"image":{"@type":"ImageObject","@id":"https:\/\/lafast.org\/wp-content\/uploads\/2022\/07\/contenido-detalle_2.jpg","url":"https:\/\/lafast.org\/wp-content\/uploads\/2022\/07\/contenido-detalle_2.jpg","height":365,"width":345},"keywords":["knowcosters","rsc","SomosLAFAST"]},{"@type":"BlogPosting","@id":"https:\/\/lafast.org\/el-platano-rojo-en-la-television-canaria\/","headline":"El pl\u00e1tano rojo en la televisi\u00f3n canaria.","url":"https:\/\/lafast.org\/el-platano-rojo-en-la-television-canaria\/","datePublished":"2022-07-06","dateModified":"2022-07-06","mainEntityOfPage":"https:\/\/lafast.org\/el-platano-rojo-en-la-television-canaria\/","author":{"@type":"Person","@id":"https:\/\/lafast.org\/author\/conta\/#Person","name":"MK","url":"https:\/\/lafast.org\/author\/conta\/","identifier":4,"image":{"@type":"ImageObject","@id":"https:\/\/secure.gravatar.com\/avatar\/8677e37530c6c7e5b6312e96378570f8?s=96&d=mm&r=g","url":"https:\/\/secure.gravatar.com\/avatar\/8677e37530c6c7e5b6312e96378570f8?s=96&d=mm&r=g","height":96,"width":96}},"publisher":null,"image":{"@type":"ImageObject","@id":"https:\/\/lafast.org\/wp-content\/uploads\/2021\/03\/Platano-rojo-e1616770611993.jpg","url":"https:\/\/lafast.org\/wp-content\/uploads\/2021\/03\/Platano-rojo-e1616770611993.jpg","height":378,"width":320},"keywords":["innovaci\u00f3n","pl\u00e1tano rojo","SiesdeLAFAST","SomosLAFAST"]},{"@type":"BlogPosting","@id":"https:\/\/lafast.org\/historia-del-aguacate-origen-variedades-y-cultivo\/","headline":"Historia del aguacate. Origen, variedades y cultivo.","url":"https:\/\/lafast.org\/historia-del-aguacate-origen-variedades-y-cultivo\/","datePublished":"2022-07-04","dateModified":"2022-06-28","mainEntityOfPage":"https:\/\/lafast.org\/historia-del-aguacate-origen-variedades-y-cultivo\/","author":{"@type":"Person","@id":"https:\/\/lafast.org\/author\/conta\/#Person","name":"MK","url":"https:\/\/lafast.org\/author\/conta\/","identifier":4,"image":{"@type":"ImageObject","@id":"https:\/\/secure.gravatar.com\/avatar\/8677e37530c6c7e5b6312e96378570f8?s=96&d=mm&r=g","url":"https:\/\/secure.gravatar.com\/avatar\/8677e37530c6c7e5b6312e96378570f8?s=96&d=mm&r=g","height":96,"width":96}},"publisher":null,"image":{"@type":"ImageObject","@id":"https:\/\/lafast.org\/wp-content\/uploads\/2022\/06\/avocado-2972614_1920.jpg","url":"https:\/\/lafast.org\/wp-content\/uploads\/2022\/06\/avocado-2972614_1920.jpg","height":1920,"width":1280},"keywords":["agricultura","aguacate","aguacate canarias","cultivo del aguacate","historia"]},{"@type":"BlogPosting","@id":"https:\/\/lafast.org\/convocatoria-asamblea-general-sat-fast-junio-2022\/","headline":"CONVOCATORIA ASAMBLEA GENERAL SAT FAST JUNIO 2022","url":"https:\/\/lafast.org\/convocatoria-asamblea-general-sat-fast-junio-2022\/","datePublished":"2022-06-15","dateModified":"2022-06-15","mainEntityOfPage":"https:\/\/lafast.org\/convocatoria-asamblea-general-sat-fast-junio-2022\/","author":{"@type":"Person","@id":"https:\/\/lafast.org\/author\/conta\/#Person","name":"MK","url":"https:\/\/lafast.org\/author\/conta\/","identifier":4,"image":{"@type":"ImageObject","@id":"https:\/\/secure.gravatar.com\/avatar\/8677e37530c6c7e5b6312e96378570f8?s=96&d=mm&r=g","url":"https:\/\/secure.gravatar.com\/avatar\/8677e37530c6c7e5b6312e96378570f8?s=96&d=mm&r=g","height":96,"width":96}},"publisher":null,"image":{"@type":"ImageObject","@id":"https:\/\/lafast.org\/wp-content\/uploads\/2021\/06\/FAST.jpg","url":"https:\/\/lafast.org\/wp-content\/uploads\/2021\/06\/FAST.jpg","height":369,"width":470},"keywords":null},{"@type":"BlogPosting","@id":"https:\/\/lafast.org\/el-aguacate-y-el-agua\/","headline":"El aguacate y el agua.","url":"https:\/\/lafast.org\/el-aguacate-y-el-agua\/","datePublished":"2022-05-04","dateModified":"2022-06-16","mainEntityOfPage":"https:\/\/lafast.org\/el-aguacate-y-el-agua\/","author":{"@type":"Person","@id":"https:\/\/lafast.org\/author\/conta\/#Person","name":"MK","url":"https:\/\/lafast.org\/author\/conta\/","identifier":4,"image":{"@type":"ImageObject","@id":"https:\/\/secure.gravatar.com\/avatar\/8677e37530c6c7e5b6312e96378570f8?s=96&d=mm&r=g","url":"https:\/\/secure.gravatar.com\/avatar\/8677e37530c6c7e5b6312e96378570f8?s=96&d=mm&r=g","height":96,"width":96}},"publisher":null,"image":{"@type":"ImageObject","@id":"https:\/\/lafast.org\/wp-content\/uploads\/2022\/04\/drop-of-water-g1699babdc_640.jpg","url":"https:\/\/lafast.org\/wp-content\/uploads\/2022\/04\/drop-of-water-g1699babdc_640.jpg","height":426,"width":640},"keywords":["agricultura","agua","aguacate","cambio climatico","cultivo del aguacate"]},{"@type":"BlogPosting","@id":"https:\/\/lafast.org\/medalla-de-oro-lafast\/","headline":"Tercer aniversario de la medalla de oro de la isla de Tenerife","url":"https:\/\/lafast.org\/medalla-de-oro-lafast\/","datePublished":"2022-04-27","dateModified":"2022-04-27","mainEntityOfPage":"https:\/\/lafast.org\/medalla-de-oro-lafast\/","author":{"@type":"Person","@id":"https:\/\/lafast.org\/author\/conta\/#Person","name":"MK","url":"https:\/\/lafast.org\/author\/conta\/","identifier":4,"image":{"@type":"ImageObject","@id":"https:\/\/secure.gravatar.com\/avatar\/8677e37530c6c7e5b6312e96378570f8?s=96&d=mm&r=g","url":"https:\/\/secure.gravatar.com\/avatar\/8677e37530c6c7e5b6312e96378570f8?s=96&d=mm&r=g","height":96,"width":96}},"publisher":null,"image":{"@type":"ImageObject","@id":"https:\/\/lafast.org\/wp-content\/uploads\/2022\/04\/lafast-medalla-de-oro-Tenerife.jpeg","url":"https:\/\/lafast.org\/wp-content\/uploads\/2022\/04\/lafast-medalla-de-oro-Tenerife.jpeg","height":495,"width":880},"keywords":["La Fast","medalla de oro","reconocimientos","SAT FAST","SATFAST"]},{"@type":"BlogPosting","@id":"https:\/\/lafast.org\/global-gap-de-aguacate\/","headline":"Global GAP de Aguacate","url":"https:\/\/lafast.org\/global-gap-de-aguacate\/","datePublished":"2022-04-22","dateModified":"2022-07-06","mainEntityOfPage":"https:\/\/lafast.org\/global-gap-de-aguacate\/","author":{"@type":"Person","@id":"https:\/\/lafast.org\/author\/conta\/#Person","name":"MK","url":"https:\/\/lafast.org\/author\/conta\/","identifier":4,"image":{"@type":"ImageObject","@id":"https:\/\/secure.gravatar.com\/avatar\/8677e37530c6c7e5b6312e96378570f8?s=96&d=mm&r=g","url":"https:\/\/secure.gravatar.com\/avatar\/8677e37530c6c7e5b6312e96378570f8?s=96&d=mm&r=g","height":96,"width":96}},"publisher":null,"image":{"@type":"ImageObject","@id":"https:\/\/lafast.org\/wp-content\/uploads\/2022\/04\/avocados-gb9738e3e1_640.jpg","url":"https:\/\/lafast.org\/wp-content\/uploads\/2022\/04\/avocados-gb9738e3e1_640.jpg","height":444,"width":640},"keywords":["agricultura","Agricultura Canaria","aguacate","aguacate canarias","global GAP","lafast"]},{"@type":"BlogPosting","@id":"https:\/\/lafast.org\/la-planta-mas-avanzada-de-maduracion-en-canarias-es-de-lafast\/","headline":"La planta m\u00e1s avanzada de maduraci\u00f3n en Canarias es de laFAST","url":"https:\/\/lafast.org\/la-planta-mas-avanzada-de-maduracion-en-canarias-es-de-lafast\/","datePublished":"2022-04-05","dateModified":"2022-06-16","mainEntityOfPage":"https:\/\/lafast.org\/la-planta-mas-avanzada-de-maduracion-en-canarias-es-de-lafast\/","author":{"@type":"Person","@id":"https:\/\/lafast.org\/author\/conta\/#Person","name":"MK","url":"https:\/\/lafast.org\/author\/conta\/","identifier":4,"image":{"@type":"ImageObject","@id":"https:\/\/secure.gravatar.com\/avatar\/8677e37530c6c7e5b6312e96378570f8?s=96&d=mm&r=g","url":"https:\/\/secure.gravatar.com\/avatar\/8677e37530c6c7e5b6312e96378570f8?s=96&d=mm&r=g","height":96,"width":96}},"publisher":null,"image":{"@type":"ImageObject","@id":"https:\/\/lafast.org\/wp-content\/uploads\/2022\/04\/planta-de-maduracion-la-fast.jpeg","url":"https:\/\/lafast.org\/wp-content\/uploads\/2022\/04\/planta-de-maduracion-la-fast.jpeg","height":1500,"width":1500},"keywords":["aguacate canarias","aguacate tenerife","entidadagr\u00edcola","La Fast","manga","Planta de maduraci\u00f3n","Platano","Pl\u00e1tano de Canarias","SiesdeLAFAST","soluciones para el cliente"]}]}