{"@context":"https:\/\/schema.org\/","@type":"CollectionPage","@id":"https:\/\/lafast.org\/category\/blog\/publicaciones\/#CollectionPage","headline":"Publicaciones Category","description":"","url":"https:\/\/lafast.org\/category\/blog\/publicaciones\/","hasPart":[{"@type":"BlogPosting","@id":"https:\/\/lafast.org\/vii-aniversario-de-la-catedra-cajasiete-de-economia-social-y-cooperativa-de-la-ull\/","headline":"VII Aniversario de la C\u00e1tedra Cajasiete de Econom\u00eda Social y Cooperativa de la ULL","url":"https:\/\/lafast.org\/vii-aniversario-de-la-catedra-cajasiete-de-economia-social-y-cooperativa-de-la-ull\/","datePublished":"2025-03-26","dateModified":"2025-03-26","mainEntityOfPage":"https:\/\/lafast.org\/vii-aniversario-de-la-catedra-cajasiete-de-economia-social-y-cooperativa-de-la-ull\/","author":{"@type":"Person","@id":"https:\/\/lafast.org\/author\/conta\/#Person","name":"MK","url":"https:\/\/lafast.org\/author\/conta\/","identifier":4,"image":{"@type":"ImageObject","@id":"https:\/\/secure.gravatar.com\/avatar\/8677e37530c6c7e5b6312e96378570f8?s=96&d=mm&r=g","url":"https:\/\/secure.gravatar.com\/avatar\/8677e37530c6c7e5b6312e96378570f8?s=96&d=mm&r=g","height":96,"width":96}},"publisher":null,"image":{"@type":"ImageObject","@id":"https:\/\/lafast.org\/wp-content\/uploads\/2025\/03\/aniversario-catedra-cajasiete.jpg","url":"https:\/\/lafast.org\/wp-content\/uploads\/2025\/03\/aniversario-catedra-cajasiete.jpg","height":1366,"width":2048},"keywords":["C\u00e1tedra Cajasiete","cooperativismo","desarrollo sostenible","econom\u00eda social","empresas de inserci\u00f3n","sostenibilidad","Universidad de La Laguna"]},{"@type":"BlogPosting","@id":"https:\/\/lafast.org\/la-fast-en-el-congreso-anual-de-dinosol-innovacion-y-tradicion-en-la-agricultura-canaria\/","headline":"La Fast en el Congreso Anual de Dinosol: Innovaci\u00f3n y Tradici\u00f3n en la Agricultura Canaria","url":"https:\/\/lafast.org\/la-fast-en-el-congreso-anual-de-dinosol-innovacion-y-tradicion-en-la-agricultura-canaria\/","datePublished":"2025-02-28","dateModified":"2025-02-28","mainEntityOfPage":"https:\/\/lafast.org\/la-fast-en-el-congreso-anual-de-dinosol-innovacion-y-tradicion-en-la-agricultura-canaria\/","author":{"@type":"Person","@id":"https:\/\/lafast.org\/author\/conta\/#Person","name":"MK","url":"https:\/\/lafast.org\/author\/conta\/","identifier":4,"image":{"@type":"ImageObject","@id":"https:\/\/secure.gravatar.com\/avatar\/8677e37530c6c7e5b6312e96378570f8?s=96&d=mm&r=g","url":"https:\/\/secure.gravatar.com\/avatar\/8677e37530c6c7e5b6312e96378570f8?s=96&d=mm&r=g","height":96,"width":96}},"publisher":null,"image":{"@type":"ImageObject","@id":"https:\/\/lafast.org\/wp-content\/uploads\/2025\/02\/congreso-dinosol.jpg","url":"https:\/\/lafast.org\/wp-content\/uploads\/2025\/02\/congreso-dinosol.jpg","height":1500,"width":1500},"keywords":["congreso dinosol fast","Pl\u00e1tano de Canarias"]},{"@type":"BlogPosting","@id":"https:\/\/lafast.org\/el-platano-azul-entra-en-madrid-fusion-con-oscar-lafuente-el-artesano-de-la-gastronomia-liquida\/","headline":"El Pl\u00e1tano Azul Entra en Madrid Fusi\u00f3n con Oscar Lafuente: El Artesano de la Gastronom\u00eda L\u00edquida","url":"https:\/\/lafast.org\/el-platano-azul-entra-en-madrid-fusion-con-oscar-lafuente-el-artesano-de-la-gastronomia-liquida\/","datePublished":"2025-01-29","dateModified":"2025-01-29","mainEntityOfPage":"https:\/\/lafast.org\/el-platano-azul-entra-en-madrid-fusion-con-oscar-lafuente-el-artesano-de-la-gastronomia-liquida\/","author":{"@type":"Person","@id":"https:\/\/lafast.org\/author\/conta\/#Person","name":"MK","url":"https:\/\/lafast.org\/author\/conta\/","identifier":4,"image":{"@type":"ImageObject","@id":"https:\/\/secure.gravatar.com\/avatar\/8677e37530c6c7e5b6312e96378570f8?s=96&d=mm&r=g","url":"https:\/\/secure.gravatar.com\/avatar\/8677e37530c6c7e5b6312e96378570f8?s=96&d=mm&r=g","height":96,"width":96}},"publisher":null,"image":{"@type":"ImageObject","@id":"https:\/\/lafast.org\/wp-content\/uploads\/2025\/01\/platano-azul-madridi-fusion-2025.jpg","url":"https:\/\/lafast.org\/wp-content\/uploads\/2025\/01\/platano-azul-madridi-fusion-2025.jpg","height":1500,"width":1500},"keywords":null},{"@type":"BlogPosting","@id":"https:\/\/lafast.org\/7-datos-inesperados-que-transformaran-tu-percepcion-sobre-los-platanos\/","headline":"7 Datos Inesperados que Transformar\u00e1n tu Percepci\u00f3n sobre los Pl\u00e1tanos","url":"https:\/\/lafast.org\/7-datos-inesperados-que-transformaran-tu-percepcion-sobre-los-platanos\/","datePublished":"2025-01-19","dateModified":"2025-01-19","mainEntityOfPage":"https:\/\/lafast.org\/7-datos-inesperados-que-transformaran-tu-percepcion-sobre-los-platanos\/","author":{"@type":"Person","@id":"https:\/\/lafast.org\/author\/conta\/#Person","name":"MK","url":"https:\/\/lafast.org\/author\/conta\/","identifier":4,"image":{"@type":"ImageObject","@id":"https:\/\/secure.gravatar.com\/avatar\/8677e37530c6c7e5b6312e96378570f8?s=96&d=mm&r=g","url":"https:\/\/secure.gravatar.com\/avatar\/8677e37530c6c7e5b6312e96378570f8?s=96&d=mm&r=g","height":96,"width":96}},"publisher":null,"image":{"@type":"ImageObject","@id":"https:\/\/lafast.org\/wp-content\/uploads\/2021\/04\/platano-web.jpg","url":"https:\/\/lafast.org\/wp-content\/uploads\/2021\/04\/platano-web.jpg","height":500,"width":500},"keywords":["#SomosDeLaFast #Pl\u00e1tanodeCanarias #IslasCanarias"]},{"@type":"BlogPosting","@id":"https:\/\/lafast.org\/el-aguacate-de-canarias-a-un-paso-de-conseguir-el-sello-de-calidad-igp\/","headline":"El Aguacate de Canarias, a un paso de conseguir el sello de calidad IGP","url":"https:\/\/lafast.org\/el-aguacate-de-canarias-a-un-paso-de-conseguir-el-sello-de-calidad-igp\/","datePublished":"2025-01-07","dateModified":"2024-12-31","mainEntityOfPage":"https:\/\/lafast.org\/el-aguacate-de-canarias-a-un-paso-de-conseguir-el-sello-de-calidad-igp\/","author":{"@type":"Person","@id":"https:\/\/lafast.org\/author\/conta\/#Person","name":"MK","url":"https:\/\/lafast.org\/author\/conta\/","identifier":4,"image":{"@type":"ImageObject","@id":"https:\/\/secure.gravatar.com\/avatar\/8677e37530c6c7e5b6312e96378570f8?s=96&d=mm&r=g","url":"https:\/\/secure.gravatar.com\/avatar\/8677e37530c6c7e5b6312e96378570f8?s=96&d=mm&r=g","height":96,"width":96}},"publisher":null,"image":{"@type":"ImageObject","@id":"https:\/\/lafast.org\/wp-content\/uploads\/2024\/11\/aguacatefast.jpg","url":"https:\/\/lafast.org\/wp-content\/uploads\/2024\/11\/aguacatefast.jpg","height":1500,"width":1500},"keywords":["Agricultura Canaria","aguacate canarias","La Fast"]},{"@type":"BlogPosting","@id":"https:\/\/lafast.org\/feliz-ano-nuevo-2025-%f0%9f%8e%89\/","headline":"\u00a1Feliz A\u00f1o Nuevo 2025! \ud83c\udf89","url":"https:\/\/lafast.org\/feliz-ano-nuevo-2025-%f0%9f%8e%89\/","datePublished":"2025-01-01","dateModified":"2024-12-31","mainEntityOfPage":"https:\/\/lafast.org\/feliz-ano-nuevo-2025-%f0%9f%8e%89\/","author":{"@type":"Person","@id":"https:\/\/lafast.org\/author\/conta\/#Person","name":"MK","url":"https:\/\/lafast.org\/author\/conta\/","identifier":4,"image":{"@type":"ImageObject","@id":"https:\/\/secure.gravatar.com\/avatar\/8677e37530c6c7e5b6312e96378570f8?s=96&d=mm&r=g","url":"https:\/\/secure.gravatar.com\/avatar\/8677e37530c6c7e5b6312e96378570f8?s=96&d=mm&r=g","height":96,"width":96}},"publisher":null,"image":{"@type":"ImageObject","@id":"https:\/\/lafast.org\/wp-content\/uploads\/2024\/12\/feliz-2025.jpg","url":"https:\/\/lafast.org\/wp-content\/uploads\/2024\/12\/feliz-2025.jpg","height":525,"width":1640},"keywords":["fast 2025"]},{"@type":"BlogPosting","@id":"https:\/\/lafast.org\/desde-la-fast-te-deseamos-una-muy-feliz-navidad\/","headline":"\u00a1Desde La Fast te deseamos una MUY FELIZ NAVIDAD!","url":"https:\/\/lafast.org\/desde-la-fast-te-deseamos-una-muy-feliz-navidad\/","datePublished":"2024-12-25","dateModified":"2024-12-25","mainEntityOfPage":"https:\/\/lafast.org\/desde-la-fast-te-deseamos-una-muy-feliz-navidad\/","author":{"@type":"Person","@id":"https:\/\/lafast.org\/author\/conta\/#Person","name":"MK","url":"https:\/\/lafast.org\/author\/conta\/","identifier":4,"image":{"@type":"ImageObject","@id":"https:\/\/secure.gravatar.com\/avatar\/8677e37530c6c7e5b6312e96378570f8?s=96&d=mm&r=g","url":"https:\/\/secure.gravatar.com\/avatar\/8677e37530c6c7e5b6312e96378570f8?s=96&d=mm&r=g","height":96,"width":96}},"publisher":null,"image":{"@type":"ImageObject","@id":"https:\/\/lafast.org\/wp-content\/uploads\/2024\/12\/lafast.jpg","url":"https:\/\/lafast.org\/wp-content\/uploads\/2024\/12\/lafast.jpg","height":1500,"width":1500},"keywords":["#LaFast #EntidadAgr\u00edcolaDecanadeCanarias #EsDeLaFast"]},{"@type":"BlogPosting","@id":"https:\/\/lafast.org\/comercio-de-proximidad-de-frutas-y-hortalizas\/","headline":"Comercio de Proximidad de Frutas y Hortalizas","url":"https:\/\/lafast.org\/comercio-de-proximidad-de-frutas-y-hortalizas\/","datePublished":"2024-12-21","dateModified":"2024-12-21","mainEntityOfPage":"https:\/\/lafast.org\/comercio-de-proximidad-de-frutas-y-hortalizas\/","author":{"@type":"Person","@id":"https:\/\/lafast.org\/author\/conta\/#Person","name":"MK","url":"https:\/\/lafast.org\/author\/conta\/","identifier":4,"image":{"@type":"ImageObject","@id":"https:\/\/secure.gravatar.com\/avatar\/8677e37530c6c7e5b6312e96378570f8?s=96&d=mm&r=g","url":"https:\/\/secure.gravatar.com\/avatar\/8677e37530c6c7e5b6312e96378570f8?s=96&d=mm&r=g","height":96,"width":96}},"publisher":null,"image":{"@type":"ImageObject","@id":"https:\/\/lafast.org\/wp-content\/uploads\/2024\/05\/fastgastr2024.jpg","url":"https:\/\/lafast.org\/wp-content\/uploads\/2024\/05\/fastgastr2024.jpg","height":1500,"width":1500},"keywords":["Agricultura Canaria","La Fast","sostenibilidad"]},{"@type":"BlogPosting","@id":"https:\/\/lafast.org\/caixabank-y-coplaca-un-acuerdo-para-fortalecer-el-sector-platanero-en-canarias\/","headline":"CaixaBank y Coplaca: Un acuerdo para fortalecer el sector platanero en Canarias","url":"https:\/\/lafast.org\/caixabank-y-coplaca-un-acuerdo-para-fortalecer-el-sector-platanero-en-canarias\/","datePublished":"2024-12-17","dateModified":"2024-12-13","mainEntityOfPage":"https:\/\/lafast.org\/caixabank-y-coplaca-un-acuerdo-para-fortalecer-el-sector-platanero-en-canarias\/","author":{"@type":"Person","@id":"https:\/\/lafast.org\/author\/conta\/#Person","name":"MK","url":"https:\/\/lafast.org\/author\/conta\/","identifier":4,"image":{"@type":"ImageObject","@id":"https:\/\/secure.gravatar.com\/avatar\/8677e37530c6c7e5b6312e96378570f8?s=96&d=mm&r=g","url":"https:\/\/secure.gravatar.com\/avatar\/8677e37530c6c7e5b6312e96378570f8?s=96&d=mm&r=g","height":96,"width":96}},"publisher":null,"image":{"@type":"ImageObject","@id":"https:\/\/lafast.org\/wp-content\/uploads\/2021\/06\/FAST.jpg","url":"https:\/\/lafast.org\/wp-content\/uploads\/2021\/06\/FAST.jpg","height":369,"width":470},"keywords":["#SomosDeLaFast #Pl\u00e1tanodeCanarias #IslasCanarias"]},{"@type":"BlogPosting","@id":"https:\/\/lafast.org\/encuentro-del-marco-violeta-del-cabildo-de-tenerife-compromiso-con-la-igualdad\/","headline":"Encuentro del Marco Violeta del Cabildo de Tenerife: Compromiso con la Igualdad","url":"https:\/\/lafast.org\/encuentro-del-marco-violeta-del-cabildo-de-tenerife-compromiso-con-la-igualdad\/","datePublished":"2024-12-13","dateModified":"2024-12-13","mainEntityOfPage":"https:\/\/lafast.org\/encuentro-del-marco-violeta-del-cabildo-de-tenerife-compromiso-con-la-igualdad\/","author":{"@type":"Person","@id":"https:\/\/lafast.org\/author\/conta\/#Person","name":"MK","url":"https:\/\/lafast.org\/author\/conta\/","identifier":4,"image":{"@type":"ImageObject","@id":"https:\/\/secure.gravatar.com\/avatar\/8677e37530c6c7e5b6312e96378570f8?s=96&d=mm&r=g","url":"https:\/\/secure.gravatar.com\/avatar\/8677e37530c6c7e5b6312e96378570f8?s=96&d=mm&r=g","height":96,"width":96}},"publisher":null,"image":{"@type":"ImageObject","@id":"https:\/\/lafast.org\/wp-content\/uploads\/2024\/12\/encuentro-violeta-fast.jpg","url":"https:\/\/lafast.org\/wp-content\/uploads\/2024\/12\/encuentro-violeta-fast.jpg","height":1500,"width":1500},"keywords":["Igualdad","responsabilidad social corporativa"]}]}