{"@context":"https:\/\/schema.org\/","@type":"CollectionPage","@id":"https:\/\/lafast.org\/category\/aguacate\/#CollectionPage","headline":"aguacate Category","description":"","url":"https:\/\/lafast.org\/category\/aguacate\/","hasPart":[{"@type":"BlogPosting","@id":"https:\/\/lafast.org\/la-agricultura-integrada\/","headline":"La agricultura integrada","url":"https:\/\/lafast.org\/la-agricultura-integrada\/","datePublished":"2023-02-06","dateModified":"2023-02-06","mainEntityOfPage":"https:\/\/lafast.org\/la-agricultura-integrada\/","author":{"@type":"Person","@id":"https:\/\/lafast.org\/author\/conta\/#Person","name":"MK","url":"https:\/\/lafast.org\/author\/conta\/","identifier":4,"image":{"@type":"ImageObject","@id":"https:\/\/secure.gravatar.com\/avatar\/8677e37530c6c7e5b6312e96378570f8?s=96&d=mm&r=g","url":"https:\/\/secure.gravatar.com\/avatar\/8677e37530c6c7e5b6312e96378570f8?s=96&d=mm&r=g","height":96,"width":96}},"publisher":null,"image":{"@type":"ImageObject","@id":"https:\/\/lafast.org\/wp-content\/uploads\/2021\/04\/WhatsApp-Image-2021-04-13-at-12.30.28.jpeg","url":"https:\/\/lafast.org\/wp-content\/uploads\/2021\/04\/WhatsApp-Image-2021-04-13-at-12.30.28.jpeg","height":1200,"width":1600},"keywords":["#SomosDeLaFast #Pl\u00e1tanodeCanarias #IslasCanarias","agricultura","Agricultura Canaria","sostenibilidad"]},{"@type":"BlogPosting","@id":"https:\/\/lafast.org\/guia-de-gestion-de-plagas-aguacate\/","headline":"Gu\u00eda de Gesti\u00f3n de plagas &#8211; Aguacate","url":"https:\/\/lafast.org\/guia-de-gestion-de-plagas-aguacate\/","datePublished":"2023-01-31","dateModified":"2023-01-31","mainEntityOfPage":"https:\/\/lafast.org\/guia-de-gestion-de-plagas-aguacate\/","author":{"@type":"Person","@id":"https:\/\/lafast.org\/author\/conta\/#Person","name":"MK","url":"https:\/\/lafast.org\/author\/conta\/","identifier":4,"image":{"@type":"ImageObject","@id":"https:\/\/secure.gravatar.com\/avatar\/8677e37530c6c7e5b6312e96378570f8?s=96&d=mm&r=g","url":"https:\/\/secure.gravatar.com\/avatar\/8677e37530c6c7e5b6312e96378570f8?s=96&d=mm&r=g","height":96,"width":96}},"publisher":null,"image":{"@type":"ImageObject","@id":"https:\/\/lafast.org\/wp-content\/uploads\/2021\/03\/AGUACATERO.jpg","url":"https:\/\/lafast.org\/wp-content\/uploads\/2021\/03\/AGUACATERO.jpg","height":450,"width":600},"keywords":["Agricultura Canaria","aguacate","sostenibilidad"]},{"@type":"BlogPosting","@id":"https:\/\/lafast.org\/la-experiencia-del-productor-con-tensiometros\/","headline":"La experiencia del productor con tensi\u00f3metros","url":"https:\/\/lafast.org\/la-experiencia-del-productor-con-tensiometros\/","datePublished":"2022-12-23","dateModified":"2022-12-23","mainEntityOfPage":"https:\/\/lafast.org\/la-experiencia-del-productor-con-tensiometros\/","author":{"@type":"Person","@id":"https:\/\/lafast.org\/author\/conta\/#Person","name":"MK","url":"https:\/\/lafast.org\/author\/conta\/","identifier":4,"image":{"@type":"ImageObject","@id":"https:\/\/secure.gravatar.com\/avatar\/8677e37530c6c7e5b6312e96378570f8?s=96&d=mm&r=g","url":"https:\/\/secure.gravatar.com\/avatar\/8677e37530c6c7e5b6312e96378570f8?s=96&d=mm&r=g","height":96,"width":96}},"publisher":null,"image":{"@type":"ImageObject","@id":"https:\/\/lafast.org\/wp-content\/uploads\/2022\/10\/platano-rojo-a.jpeg","url":"https:\/\/lafast.org\/wp-content\/uploads\/2022\/10\/platano-rojo-a.jpeg","height":899,"width":1599},"keywords":["#SomosDeLaFast #Pl\u00e1tanodeCanarias #IslasCanarias","Agricultura Canaria","agricultura tropical","SomosLAFAST","sostenibilidad","tecnologia agraria"]},{"@type":"BlogPosting","@id":"https:\/\/lafast.org\/cultivo-ecologico-del-aguacate-en-las-islas-canarias\/","headline":"Cultivo Ecol\u00f3gico del Aguacate en las Islas Canarias","url":"https:\/\/lafast.org\/cultivo-ecologico-del-aguacate-en-las-islas-canarias\/","datePublished":"2022-11-18","dateModified":"2022-11-18","mainEntityOfPage":"https:\/\/lafast.org\/cultivo-ecologico-del-aguacate-en-las-islas-canarias\/","author":{"@type":"Person","@id":"https:\/\/lafast.org\/author\/conta\/#Person","name":"MK","url":"https:\/\/lafast.org\/author\/conta\/","identifier":4,"image":{"@type":"ImageObject","@id":"https:\/\/secure.gravatar.com\/avatar\/8677e37530c6c7e5b6312e96378570f8?s=96&d=mm&r=g","url":"https:\/\/secure.gravatar.com\/avatar\/8677e37530c6c7e5b6312e96378570f8?s=96&d=mm&r=g","height":96,"width":96}},"publisher":null,"image":{"@type":"ImageObject","@id":"https:\/\/lafast.org\/wp-content\/uploads\/2021\/03\/AGUACATERO.jpg","url":"https:\/\/lafast.org\/wp-content\/uploads\/2021\/03\/AGUACATERO.jpg","height":450,"width":600},"keywords":["aguacate","aguacate canarias","aguacate tenerife","sotenibilidad"]},{"@type":"BlogPosting","@id":"https:\/\/lafast.org\/la-agricultura-verde\/","headline":"La Agricultura verde","url":"https:\/\/lafast.org\/la-agricultura-verde\/","datePublished":"2022-11-11","dateModified":"2022-12-09","mainEntityOfPage":"https:\/\/lafast.org\/la-agricultura-verde\/","author":{"@type":"Person","@id":"https:\/\/lafast.org\/author\/conta\/#Person","name":"MK","url":"https:\/\/lafast.org\/author\/conta\/","identifier":4,"image":{"@type":"ImageObject","@id":"https:\/\/secure.gravatar.com\/avatar\/8677e37530c6c7e5b6312e96378570f8?s=96&d=mm&r=g","url":"https:\/\/secure.gravatar.com\/avatar\/8677e37530c6c7e5b6312e96378570f8?s=96&d=mm&r=g","height":96,"width":96}},"publisher":null,"image":{"@type":"ImageObject","@id":"https:\/\/lafast.org\/wp-content\/uploads\/2022\/10\/platano-rojo-pina.jpeg","url":"https:\/\/lafast.org\/wp-content\/uploads\/2022\/10\/platano-rojo-pina.jpeg","height":1599,"width":899},"keywords":["Agricultura Canaria","cambio climatico","sostenibilidad"]},{"@type":"BlogPosting","@id":"https:\/\/lafast.org\/los-hongos-micorricicos-y-los-cultivos-tropicales\/","headline":"Los hongos micorr\u00edcicos y los cultivos tropicales.","url":"https:\/\/lafast.org\/los-hongos-micorricicos-y-los-cultivos-tropicales\/","datePublished":"2022-10-21","dateModified":"2022-10-21","mainEntityOfPage":"https:\/\/lafast.org\/los-hongos-micorricicos-y-los-cultivos-tropicales\/","author":{"@type":"Person","@id":"https:\/\/lafast.org\/author\/conta\/#Person","name":"MK","url":"https:\/\/lafast.org\/author\/conta\/","identifier":4,"image":{"@type":"ImageObject","@id":"https:\/\/secure.gravatar.com\/avatar\/8677e37530c6c7e5b6312e96378570f8?s=96&d=mm&r=g","url":"https:\/\/secure.gravatar.com\/avatar\/8677e37530c6c7e5b6312e96378570f8?s=96&d=mm&r=g","height":96,"width":96}},"publisher":null,"image":{"@type":"ImageObject","@id":"https:\/\/lafast.org\/wp-content\/uploads\/2021\/03\/AGUACATERO.jpg","url":"https:\/\/lafast.org\/wp-content\/uploads\/2021\/03\/AGUACATERO.jpg","height":450,"width":600},"keywords":["agricultura","Agricultura Canaria","agricultura tropical","aguacate","Platano","SAT FAST"]},{"@type":"BlogPosting","@id":"https:\/\/lafast.org\/la-importancia-de-la-maduracion-del-aguacate\/","headline":"La importancia de la maduraci\u00f3n del aguacate","url":"https:\/\/lafast.org\/la-importancia-de-la-maduracion-del-aguacate\/","datePublished":"2022-10-07","dateModified":"2022-10-07","mainEntityOfPage":"https:\/\/lafast.org\/la-importancia-de-la-maduracion-del-aguacate\/","author":{"@type":"Person","@id":"https:\/\/lafast.org\/author\/conta\/#Person","name":"MK","url":"https:\/\/lafast.org\/author\/conta\/","identifier":4,"image":{"@type":"ImageObject","@id":"https:\/\/secure.gravatar.com\/avatar\/8677e37530c6c7e5b6312e96378570f8?s=96&d=mm&r=g","url":"https:\/\/secure.gravatar.com\/avatar\/8677e37530c6c7e5b6312e96378570f8?s=96&d=mm&r=g","height":96,"width":96}},"publisher":null,"image":{"@type":"ImageObject","@id":"https:\/\/lafast.org\/wp-content\/uploads\/2021\/03\/AGUACATERO.jpg","url":"https:\/\/lafast.org\/wp-content\/uploads\/2021\/03\/AGUACATERO.jpg","height":450,"width":600},"keywords":["Agricultura Canaria","aguacate canarias","aguacate tenerife","SomosLAFAST","tecnologia agraria"]},{"@type":"BlogPosting","@id":"https:\/\/lafast.org\/visita-a-la-finca-de-aguacates-de-coplaca\/","headline":"Visita a la finca de Aguacates de Coplaca","url":"https:\/\/lafast.org\/visita-a-la-finca-de-aguacates-de-coplaca\/","datePublished":"2022-09-29","dateModified":"2022-09-29","mainEntityOfPage":"https:\/\/lafast.org\/visita-a-la-finca-de-aguacates-de-coplaca\/","author":{"@type":"Person","@id":"https:\/\/lafast.org\/author\/conta\/#Person","name":"MK","url":"https:\/\/lafast.org\/author\/conta\/","identifier":4,"image":{"@type":"ImageObject","@id":"https:\/\/secure.gravatar.com\/avatar\/8677e37530c6c7e5b6312e96378570f8?s=96&d=mm&r=g","url":"https:\/\/secure.gravatar.com\/avatar\/8677e37530c6c7e5b6312e96378570f8?s=96&d=mm&r=g","height":96,"width":96}},"publisher":null,"image":{"@type":"ImageObject","@id":"https:\/\/lafast.org\/wp-content\/uploads\/2021\/03\/AGUACATERO.jpg","url":"https:\/\/lafast.org\/wp-content\/uploads\/2021\/03\/AGUACATERO.jpg","height":450,"width":600},"keywords":["Agricultura Canaria","aguacate","SomosLAFAST"]},{"@type":"BlogPosting","@id":"https:\/\/lafast.org\/la-tecnologia-nir-para-el-analisis-de-prodcutos-alimentarios-y-agricolas\/","headline":"La Tecnolog\u00eda NIR para el an\u00e1lisis de prodcutos alimentarios y agr\u00edcolas.","url":"https:\/\/lafast.org\/la-tecnologia-nir-para-el-analisis-de-prodcutos-alimentarios-y-agricolas\/","datePublished":"2022-09-16","dateModified":"2022-09-16","mainEntityOfPage":"https:\/\/lafast.org\/la-tecnologia-nir-para-el-analisis-de-prodcutos-alimentarios-y-agricolas\/","author":{"@type":"Person","@id":"https:\/\/lafast.org\/author\/conta\/#Person","name":"MK","url":"https:\/\/lafast.org\/author\/conta\/","identifier":4,"image":{"@type":"ImageObject","@id":"https:\/\/secure.gravatar.com\/avatar\/8677e37530c6c7e5b6312e96378570f8?s=96&d=mm&r=g","url":"https:\/\/secure.gravatar.com\/avatar\/8677e37530c6c7e5b6312e96378570f8?s=96&d=mm&r=g","height":96,"width":96}},"publisher":null,"image":{"@type":"ImageObject","@id":"https:\/\/lafast.org\/wp-content\/uploads\/2022\/09\/nir.jpeg","url":"https:\/\/lafast.org\/wp-content\/uploads\/2022\/09\/nir.jpeg","height":1500,"width":1500},"keywords":["aguacate","nir","SiesdeLAFAST","tecnologia agraria"]},{"@type":"BlogPosting","@id":"https:\/\/lafast.org\/como-calcular-la-materia-seca-del-agaucate\/","headline":"\u00bfC\u00f3mo calcular la materia seca del aguacate?","url":"https:\/\/lafast.org\/como-calcular-la-materia-seca-del-agaucate\/","datePublished":"2022-09-06","dateModified":"2022-09-16","mainEntityOfPage":"https:\/\/lafast.org\/como-calcular-la-materia-seca-del-agaucate\/","author":{"@type":"Person","@id":"https:\/\/lafast.org\/author\/conta\/#Person","name":"MK","url":"https:\/\/lafast.org\/author\/conta\/","identifier":4,"image":{"@type":"ImageObject","@id":"https:\/\/secure.gravatar.com\/avatar\/8677e37530c6c7e5b6312e96378570f8?s=96&d=mm&r=g","url":"https:\/\/secure.gravatar.com\/avatar\/8677e37530c6c7e5b6312e96378570f8?s=96&d=mm&r=g","height":96,"width":96}},"publisher":null,"image":{"@type":"ImageObject","@id":"https:\/\/lafast.org\/wp-content\/uploads\/2022\/09\/calculo-de-materia-seca-del-aguacate.jpeg","url":"https:\/\/lafast.org\/wp-content\/uploads\/2022\/09\/calculo-de-materia-seca-del-aguacate.jpeg","height":768,"width":1024},"keywords":["aguacate","SomosLAFAST","tecnologia agraria"]}]}