{"@context":"https:\/\/schema.org\/","@type":"BlogPosting","@id":"https:\/\/lafast.org\/asprocan-aclara-el-destino-del-platano-no-vendido-donaciones-y-compostaje\/#BlogPosting","mainEntityOfPage":"https:\/\/lafast.org\/asprocan-aclara-el-destino-del-platano-no-vendido-donaciones-y-compostaje\/","headline":"Asprocan Aclara el Destino del Pl\u00e1tano No Vendido: Donaciones y Compostaje","name":"Asprocan Aclara el Destino del Pl\u00e1tano No Vendido: Donaciones y Compostaje","description":"La Asociaci\u00f3n de Organizaciones de Productores de Pl\u00e1tanos de Canarias (Asprocan) ha emitido un comunicado este lunes para aclarar una de las grandes preocupaciones sobre...","datePublished":"2024-09-10","dateModified":"2024-09-10","author":{"@type":"Person","@id":"https:\/\/lafast.org\/author\/conta\/#Person","name":"MK","url":"https:\/\/lafast.org\/author\/conta\/","identifier":4,"image":{"@type":"ImageObject","@id":"https:\/\/secure.gravatar.com\/avatar\/8677e37530c6c7e5b6312e96378570f8?s=96&d=mm&r=g","url":"https:\/\/secure.gravatar.com\/avatar\/8677e37530c6c7e5b6312e96378570f8?s=96&d=mm&r=g","height":96,"width":96}},"image":{"@type":"ImageObject","@id":"https:\/\/lafast.org\/wp-content\/uploads\/2021\/04\/WhatsApp-Image-2021-04-13-at-12.30.28.jpeg","url":"https:\/\/lafast.org\/wp-content\/uploads\/2021\/04\/WhatsApp-Image-2021-04-13-at-12.30.28.jpeg","height":1200,"width":1600},"url":"https:\/\/lafast.org\/asprocan-aclara-el-destino-del-platano-no-vendido-donaciones-y-compostaje\/","about":["BLOG","platano","Publicaciones"],"wordCount":571,"keywords":["#SomosDeLaFast #Pl\u00e1tanodeCanarias #IslasCanarias"]}