{"@context":"https:\/\/schema.org\/","@type":"BlogPosting","@id":"https:\/\/lafast.org\/108-de-existencia\/#BlogPosting","mainEntityOfPage":"https:\/\/lafast.org\/108-de-existencia\/","headline":"108 de existencia","name":"108 de existencia","description":"CUMPLIMOS 108 A\u00d1OS CON LA MISMA ILUSI\u00d3N DEL PRIMER D\u00cdA Hace ya 108 a\u00f1os que naci\u00f3 La Fast\u2026y parece que fue ayer cuando 23 Agricultores...","datePublished":"2022-12-01","dateModified":"2022-12-01","author":{"@type":"Person","@id":"https:\/\/lafast.org\/author\/conta\/#Person","name":"MK","url":"https:\/\/lafast.org\/author\/conta\/","identifier":4,"image":{"@type":"ImageObject","@id":"https:\/\/secure.gravatar.com\/avatar\/8677e37530c6c7e5b6312e96378570f8?s=96&d=mm&r=g","url":"https:\/\/secure.gravatar.com\/avatar\/8677e37530c6c7e5b6312e96378570f8?s=96&d=mm&r=g","height":96,"width":96}},"image":{"@type":"ImageObject","@id":"https:\/\/lafast.org\/wp-content\/uploads\/2022\/12\/108-anos-FAST.jpg","url":"https:\/\/lafast.org\/wp-content\/uploads\/2022\/12\/108-anos-FAST.jpg","height":500,"width":500},"url":"https:\/\/lafast.org\/108-de-existencia\/","about":["BLOG","Noticias","prensa","Publicaciones"],"wordCount":149,"keywords":["Agricultura Canaria","historia","La FAST 1914","SomosLAFAST"]}